{"id":3798,"date":"2026-01-05T11:59:25","date_gmt":"2026-01-05T10:59:25","guid":{"rendered":"https:\/\/www.radiomais.ao\/?p=3798"},"modified":"2026-01-05T11:59:25","modified_gmt":"2026-01-05T10:59:25","slug":"malanje-acolhe-cerimonia-historica-revolta-da-baixa-de-cassanje","status":"publish","type":"post","link":"https:\/\/www.radiomais.ao\/index.php\/2026\/01\/05\/malanje-acolhe-cerimonia-historica-revolta-da-baixa-de-cassanje\/","title":{"rendered":"Malanje acolhe cerim\u00f3nia hist\u00f3rica revolta da baixa de Cassanje ."},"content":{"rendered":"\n<p class=\"has-text-align-left\"><\/p>\n\n\n\n<p> A prov\u00edncia de <strong>Malanje<\/strong> , realizou a cerim\u00f3nia comemorativa do <strong>4 de Janeiro<\/strong> , data que assinala a hist\u00f3rica revolta da <strong>Baixa de Cassanje<\/strong> , marco da resist\u00eancia contra a repress\u00e3o colonial portuguesa em 1961. Reconhecida como a capital simb\u00f3lica do <strong>Quatro de Janeiro<\/strong> , Malanje voltou a ser palco de homenagens aos camponeses e l\u00edderes que se ergueram em defesa da dignidade, da justi\u00e7a social e da autodetermina\u00e7\u00e3o do povo angolano, reafirmando a import\u00e2ncia deste epis\u00f3dio na luta de liberta\u00e7\u00e3o nacional.<\/p>\n\n\n<div \n    class=\"align wp-block-scb-sound-cloud\"    id=\"scbSoundCloud-1\"\n    data-attributes='{&quot;cId&quot;:&quot;dcab9967-f&quot;,&quot;tracks&quot;:[{&quot;url&quot;:&quot;https:\\\/\\\/soundcloud.com\\\/radio-mais-luanda\\\/malanje-acolhe-cerimonia-comemorativa-da-baixa-de-cassanje?si=db53fc21ba9e47cf828ec1690a8a06d7&amp;utm_source=clipboard&amp;utm_medium=text&amp;utm_campaign=social_sharing&quot;,&quot;startTrack&quot;:0}],&quot;alignment&quot;:&quot;center&quot;,&quot;align&quot;:&quot;&quot;,&quot;options&quot;:{&quot;isAutoPlay&quot;:true,&quot;color&quot;:&quot;#f50&quot;,&quot;isBuying&quot;:true,&quot;isSharing&quot;:true,&quot;isDownload&quot;:true,&quot;isArtWork&quot;:true,&quot;isPlayCount&quot;:true,&quot;isUser&quot;:true,&quot;isSingleActive&quot;:true,&quot;isComments&quot;:true,&quot;isVisual&quot;:false,&quot;isTeaser&quot;:false,&quot;isHideRelated&quot;:false},&quot;iframeStyle&quot;:{&quot;width&quot;:&quot;100%&quot;,&quot;height&quot;:&quot;170px&quot;},&quot;frameBorder&quot;:{&quot;color&quot;:&quot;#000&quot;,&quot;style&quot;:&quot;solid&quot;,&quot;width&quot;:&quot;1px&quot;},&quot;frameBRadius&quot;:{&quot;top&quot;:&quot;3px&quot;,&quot;bottom&quot;:&quot;3px&quot;,&quot;left&quot;:&quot;3px&quot;,&quot;right&quot;:&quot;3px&quot;},&quot;frameBoxShadow&quot;:[]}'>\n<\/div>\n\n \n      ","protected":false},"excerpt":{"rendered":"<p>A prov\u00edncia de Malanje , realizou a cerim\u00f3nia comemorativa do 4 de Janeiro , data que assinala a hist\u00f3rica revolta da Baixa de Cassanje , marco da resist\u00eancia contra a repress\u00e3o colonial portuguesa em 1961. Reconhecida como a capital simb\u00f3lica do Quatro de Janeiro , Malanje voltou a ser palco de homenagens aos camponeses e [&hellip;]<\/p>\n","protected":false},"author":3,"featured_media":3799,"comment_status":"open","ping_status":"open","sticky":false,"template":"","format":"standard","meta":{"footnotes":""},"categories":[16],"tags":[1553,221],"class_list":["post-3798","post","type-post","status-publish","format-standard","has-post-thumbnail","hentry","category-actualidade","tag-baixa-de-cassanje","tag-malanje"],"blocksy_meta":[],"_links":{"self":[{"href":"https:\/\/www.radiomais.ao\/index.php\/wp-json\/wp\/v2\/posts\/3798","targetHints":{"allow":["GET"]}}],"collection":[{"href":"https:\/\/www.radiomais.ao\/index.php\/wp-json\/wp\/v2\/posts"}],"about":[{"href":"https:\/\/www.radiomais.ao\/index.php\/wp-json\/wp\/v2\/types\/post"}],"author":[{"embeddable":true,"href":"https:\/\/www.radiomais.ao\/index.php\/wp-json\/wp\/v2\/users\/3"}],"replies":[{"embeddable":true,"href":"https:\/\/www.radiomais.ao\/index.php\/wp-json\/wp\/v2\/comments?post=3798"}],"version-history":[{"count":1,"href":"https:\/\/www.radiomais.ao\/index.php\/wp-json\/wp\/v2\/posts\/3798\/revisions"}],"predecessor-version":[{"id":3800,"href":"https:\/\/www.radiomais.ao\/index.php\/wp-json\/wp\/v2\/posts\/3798\/revisions\/3800"}],"wp:featuredmedia":[{"embeddable":true,"href":"https:\/\/www.radiomais.ao\/index.php\/wp-json\/wp\/v2\/media\/3799"}],"wp:attachment":[{"href":"https:\/\/www.radiomais.ao\/index.php\/wp-json\/wp\/v2\/media?parent=3798"}],"wp:term":[{"taxonomy":"category","embeddable":true,"href":"https:\/\/www.radiomais.ao\/index.php\/wp-json\/wp\/v2\/categories?post=3798"},{"taxonomy":"post_tag","embeddable":true,"href":"https:\/\/www.radiomais.ao\/index.php\/wp-json\/wp\/v2\/tags?post=3798"}],"curies":[{"name":"wp","href":"https:\/\/api.w.org\/{rel}","templated":true}]}}