{"id":3801,"date":"2026-01-05T12:29:34","date_gmt":"2026-01-05T11:29:34","guid":{"rendered":"https:\/\/www.radiomais.ao\/?p=3801"},"modified":"2026-01-05T12:29:34","modified_gmt":"2026-01-05T11:29:34","slug":"uma-crianca-de-2-anos-foi-abusada-pelo-avo-de-76-anos-em-malanje","status":"publish","type":"post","link":"https:\/\/www.radiomais.ao\/index.php\/2026\/01\/05\/uma-crianca-de-2-anos-foi-abusada-pelo-avo-de-76-anos-em-malanje\/","title":{"rendered":"Uma crian\u00e7a de 2 anos  foi abusada pelo av\u00f3 de 76 anos em Malanje."},"content":{"rendered":"\n<p>Uma crian\u00e7a de dois anos foi abusada sexualmente pelo pr\u00f3prio avo de 76 anos de idade, na prov\u00edncia de Malanje.<\/p>\n\n\n\n<p>A situa\u00e7\u00e3o insere-se num quadro preocupante de aumento de den\u00fancias de viol\u00eancia contra crian\u00e7as no pa\u00eds.<\/p>\n\n\n\n<p>De acordo com dados do Instituto Nacional da Crian\u00e7a (INAC), entre os dias 28 de dezembro de 2025 e 3 de janeiro de 2026 foram registadas 583 den\u00fancias de diferentes tipos de viol\u00eancia contra menores.<\/p>\n\n\n<div \n    class=\"align wp-block-scb-sound-cloud\"    id=\"scbSoundCloud-1\"\n    data-attributes='{&quot;cId&quot;:&quot;88d80987-4&quot;,&quot;tracks&quot;:[{&quot;url&quot;:&quot;https:\\\/\\\/soundcloud.com\\\/radio-mais-luanda\\\/crianca-de-2-anos-foi-abusada-pelo-proprio-avo-de-76-anos-em-malanje?si=59533c57cc7d45b3b596f41701a2f214&amp;utm_source=clipboard&amp;utm_medium=text&amp;utm_campaign=social_sharing&quot;,&quot;startTrack&quot;:0}],&quot;alignment&quot;:&quot;center&quot;,&quot;align&quot;:&quot;&quot;,&quot;options&quot;:{&quot;isAutoPlay&quot;:true,&quot;color&quot;:&quot;#f50&quot;,&quot;isBuying&quot;:true,&quot;isSharing&quot;:true,&quot;isDownload&quot;:true,&quot;isArtWork&quot;:true,&quot;isPlayCount&quot;:true,&quot;isUser&quot;:true,&quot;isSingleActive&quot;:true,&quot;isComments&quot;:true,&quot;isVisual&quot;:false,&quot;isTeaser&quot;:false,&quot;isHideRelated&quot;:false},&quot;iframeStyle&quot;:{&quot;width&quot;:&quot;100%&quot;,&quot;height&quot;:&quot;170px&quot;},&quot;frameBorder&quot;:{&quot;color&quot;:&quot;#000&quot;,&quot;style&quot;:&quot;solid&quot;,&quot;width&quot;:&quot;1px&quot;},&quot;frameBRadius&quot;:{&quot;top&quot;:&quot;3px&quot;,&quot;bottom&quot;:&quot;3px&quot;,&quot;left&quot;:&quot;3px&quot;,&quot;right&quot;:&quot;3px&quot;},&quot;frameBoxShadow&quot;:[]}'>\n<\/div>\n\n \n      ","protected":false},"excerpt":{"rendered":"<p>Uma crian\u00e7a de dois anos foi abusada sexualmente pelo pr\u00f3prio avo de 76 anos de idade, na prov\u00edncia de Malanje. A situa\u00e7\u00e3o insere-se num quadro preocupante de aumento de den\u00fancias de viol\u00eancia contra crian\u00e7as no pa\u00eds. De acordo com dados do Instituto Nacional da Crian\u00e7a (INAC), entre os dias 28 de dezembro de 2025 e [&hellip;]<\/p>\n","protected":false},"author":3,"featured_media":3802,"comment_status":"open","ping_status":"open","sticky":false,"template":"","format":"standard","meta":{"footnotes":""},"categories":[16],"tags":[539,221,1554],"class_list":["post-3801","post","type-post","status-publish","format-standard","has-post-thumbnail","hentry","category-actualidade","tag-abuso-sexual","tag-malanje","tag-menores"],"blocksy_meta":[],"_links":{"self":[{"href":"https:\/\/www.radiomais.ao\/index.php\/wp-json\/wp\/v2\/posts\/3801","targetHints":{"allow":["GET"]}}],"collection":[{"href":"https:\/\/www.radiomais.ao\/index.php\/wp-json\/wp\/v2\/posts"}],"about":[{"href":"https:\/\/www.radiomais.ao\/index.php\/wp-json\/wp\/v2\/types\/post"}],"author":[{"embeddable":true,"href":"https:\/\/www.radiomais.ao\/index.php\/wp-json\/wp\/v2\/users\/3"}],"replies":[{"embeddable":true,"href":"https:\/\/www.radiomais.ao\/index.php\/wp-json\/wp\/v2\/comments?post=3801"}],"version-history":[{"count":1,"href":"https:\/\/www.radiomais.ao\/index.php\/wp-json\/wp\/v2\/posts\/3801\/revisions"}],"predecessor-version":[{"id":3803,"href":"https:\/\/www.radiomais.ao\/index.php\/wp-json\/wp\/v2\/posts\/3801\/revisions\/3803"}],"wp:featuredmedia":[{"embeddable":true,"href":"https:\/\/www.radiomais.ao\/index.php\/wp-json\/wp\/v2\/media\/3802"}],"wp:attachment":[{"href":"https:\/\/www.radiomais.ao\/index.php\/wp-json\/wp\/v2\/media?parent=3801"}],"wp:term":[{"taxonomy":"category","embeddable":true,"href":"https:\/\/www.radiomais.ao\/index.php\/wp-json\/wp\/v2\/categories?post=3801"},{"taxonomy":"post_tag","embeddable":true,"href":"https:\/\/www.radiomais.ao\/index.php\/wp-json\/wp\/v2\/tags?post=3801"}],"curies":[{"name":"wp","href":"https:\/\/api.w.org\/{rel}","templated":true}]}}