{"id":3813,"date":"2026-01-05T14:57:47","date_gmt":"2026-01-05T13:57:47","guid":{"rendered":"https:\/\/www.radiomais.ao\/?p=3813"},"modified":"2026-01-05T14:57:47","modified_gmt":"2026-01-05T13:57:47","slug":"o-hospital-neves-bendinha-registou-um-aumento-significativo-de-atendimentos-durante-o-periodo-festivo","status":"publish","type":"post","link":"https:\/\/www.radiomais.ao\/index.php\/2026\/01\/05\/o-hospital-neves-bendinha-registou-um-aumento-significativo-de-atendimentos-durante-o-periodo-festivo\/","title":{"rendered":"O Hospital Neves Bendinha, registou um aumento significativo de atendimentos durante o per\u00edodo festivo."},"content":{"rendered":"\n<p>O balan\u00e7o revela um cen\u00e1rio preocupante, com internamentos em cuidados intensivos e mortes associadas a queimaduras graves.<\/p>\n\n\n\n<p>De acordo com a diretora cl\u00ednica da unidade hospitalar, Antonieta Guilherme, s\u00f3 na quadra festiva deram entrada quase 200 pacientes. Ainda assim, a unidade confirmou um caso grave de viol\u00eancia dom\u00e9stica, com desfecho fatal, al\u00e9m de situa\u00e7\u00f5es pontuais de abandono familiar, que mobilizam as \u00e1reas social e psicol\u00f3gica do hospital.<\/p>\n\n\n<div \n    class=\"align wp-block-scb-sound-cloud\"    id=\"scbSoundCloud-1\"\n    data-attributes='{&quot;cId&quot;:&quot;fb7aadc1-d&quot;,&quot;tracks&quot;:[{&quot;url&quot;:&quot;https:\\\/\\\/soundcloud.com\\\/radio-mais-luanda\\\/o-hospital-especializado-em-tratamento-de-queimaduras-neves-bendinha-registou-um-aumento-significativo-de-atendimentos-durante-o-periodo-festivo?si=fc464c7ed3b24202aef43abd66cee6bd&amp;utm_source=clipboard&amp;utm_medium=text&amp;utm_campaign=social_sharing&quot;,&quot;startTrack&quot;:0}],&quot;alignment&quot;:&quot;center&quot;,&quot;align&quot;:&quot;&quot;,&quot;options&quot;:{&quot;isAutoPlay&quot;:true,&quot;color&quot;:&quot;#f50&quot;,&quot;isBuying&quot;:true,&quot;isSharing&quot;:true,&quot;isDownload&quot;:true,&quot;isArtWork&quot;:true,&quot;isPlayCount&quot;:true,&quot;isUser&quot;:true,&quot;isSingleActive&quot;:true,&quot;isComments&quot;:true,&quot;isVisual&quot;:false,&quot;isTeaser&quot;:false,&quot;isHideRelated&quot;:false},&quot;iframeStyle&quot;:{&quot;width&quot;:&quot;100%&quot;,&quot;height&quot;:&quot;170px&quot;},&quot;frameBorder&quot;:{&quot;color&quot;:&quot;#000&quot;,&quot;style&quot;:&quot;solid&quot;,&quot;width&quot;:&quot;1px&quot;},&quot;frameBRadius&quot;:{&quot;top&quot;:&quot;3px&quot;,&quot;bottom&quot;:&quot;3px&quot;,&quot;left&quot;:&quot;3px&quot;,&quot;right&quot;:&quot;3px&quot;},&quot;frameBoxShadow&quot;:[]}'>\n<\/div>\n\n \n      ","protected":false},"excerpt":{"rendered":"<p>O balan\u00e7o revela um cen\u00e1rio preocupante, com internamentos em cuidados intensivos e mortes associadas a queimaduras graves. De acordo com a diretora cl\u00ednica da unidade hospitalar, Antonieta Guilherme, s\u00f3 na quadra festiva deram entrada quase 200 pacientes. Ainda assim, a unidade confirmou um caso grave de viol\u00eancia dom\u00e9stica, com desfecho fatal, al\u00e9m de situa\u00e7\u00f5es pontuais [&hellip;]<\/p>\n","protected":false},"author":3,"featured_media":3814,"comment_status":"open","ping_status":"open","sticky":false,"template":"","format":"standard","meta":{"footnotes":""},"categories":[16],"tags":[1559,1145,1396],"class_list":["post-3813","post","type-post","status-publish","format-standard","has-post-thumbnail","hentry","category-actualidade","tag-aumento-de-casos","tag-neves-bendinha","tag-quadra-festiva"],"blocksy_meta":[],"_links":{"self":[{"href":"https:\/\/www.radiomais.ao\/index.php\/wp-json\/wp\/v2\/posts\/3813","targetHints":{"allow":["GET"]}}],"collection":[{"href":"https:\/\/www.radiomais.ao\/index.php\/wp-json\/wp\/v2\/posts"}],"about":[{"href":"https:\/\/www.radiomais.ao\/index.php\/wp-json\/wp\/v2\/types\/post"}],"author":[{"embeddable":true,"href":"https:\/\/www.radiomais.ao\/index.php\/wp-json\/wp\/v2\/users\/3"}],"replies":[{"embeddable":true,"href":"https:\/\/www.radiomais.ao\/index.php\/wp-json\/wp\/v2\/comments?post=3813"}],"version-history":[{"count":1,"href":"https:\/\/www.radiomais.ao\/index.php\/wp-json\/wp\/v2\/posts\/3813\/revisions"}],"predecessor-version":[{"id":3815,"href":"https:\/\/www.radiomais.ao\/index.php\/wp-json\/wp\/v2\/posts\/3813\/revisions\/3815"}],"wp:featuredmedia":[{"embeddable":true,"href":"https:\/\/www.radiomais.ao\/index.php\/wp-json\/wp\/v2\/media\/3814"}],"wp:attachment":[{"href":"https:\/\/www.radiomais.ao\/index.php\/wp-json\/wp\/v2\/media?parent=3813"}],"wp:term":[{"taxonomy":"category","embeddable":true,"href":"https:\/\/www.radiomais.ao\/index.php\/wp-json\/wp\/v2\/categories?post=3813"},{"taxonomy":"post_tag","embeddable":true,"href":"https:\/\/www.radiomais.ao\/index.php\/wp-json\/wp\/v2\/tags?post=3813"}],"curies":[{"name":"wp","href":"https:\/\/api.w.org\/{rel}","templated":true}]}}