{"id":3817,"date":"2026-01-05T15:01:53","date_gmt":"2026-01-05T14:01:53","guid":{"rendered":"https:\/\/www.radiomais.ao\/?p=3817"},"modified":"2026-01-05T15:01:53","modified_gmt":"2026-01-05T14:01:53","slug":"bombeiros-em-luanda-registam-20-evacuacoes-durante-o-fim-de-semana","status":"publish","type":"post","link":"https:\/\/www.radiomais.ao\/index.php\/2026\/01\/05\/bombeiros-em-luanda-registam-20-evacuacoes-durante-o-fim-de-semana\/","title":{"rendered":"Bombeiros em Luanda registam 20 evacua\u00e7\u00f5es durante o fim-de-semana."},"content":{"rendered":"\n<p>O Comando de Protec\u00e7\u00e3o Civil e Bombeiros em Luanda registou, nas \u00faltimas 72 horas, no per\u00edodo de 2 a 4 de Janeiro, um total de 20 evacua\u00e7\u00f5es hospitalares, cujas causas estiveram essencialmente relacionadas com acidentes de via\u00e7\u00e3o, agress\u00f5es f\u00edsicas e envenenamento. Fonte <strong><em><a href=\"https:\/\/www.opais.ao\/sociedade\/bombeiros-em-luanda-registam-20-evacuacoes-durante-o-fim-de-semana\/\">Opa\u00eds<\/a><\/em><\/strong><\/p>\n","protected":false},"excerpt":{"rendered":"<p>O Comando de Protec\u00e7\u00e3o Civil e Bombeiros em Luanda registou, nas \u00faltimas 72 horas, no per\u00edodo de 2 a 4 de Janeiro, um total de 20 evacua\u00e7\u00f5es hospitalares, cujas causas estiveram essencialmente relacionadas com acidentes de via\u00e7\u00e3o, agress\u00f5es f\u00edsicas e envenenamento. Fonte Opa\u00eds<\/p>\n","protected":false},"author":3,"featured_media":3818,"comment_status":"open","ping_status":"open","sticky":false,"template":"","format":"standard","meta":{"footnotes":""},"categories":[16],"tags":[270,87],"class_list":["post-3817","post","type-post","status-publish","format-standard","has-post-thumbnail","hentry","category-actualidade","tag-bombeiros","tag-luanda"],"blocksy_meta":[],"_links":{"self":[{"href":"https:\/\/www.radiomais.ao\/index.php\/wp-json\/wp\/v2\/posts\/3817","targetHints":{"allow":["GET"]}}],"collection":[{"href":"https:\/\/www.radiomais.ao\/index.php\/wp-json\/wp\/v2\/posts"}],"about":[{"href":"https:\/\/www.radiomais.ao\/index.php\/wp-json\/wp\/v2\/types\/post"}],"author":[{"embeddable":true,"href":"https:\/\/www.radiomais.ao\/index.php\/wp-json\/wp\/v2\/users\/3"}],"replies":[{"embeddable":true,"href":"https:\/\/www.radiomais.ao\/index.php\/wp-json\/wp\/v2\/comments?post=3817"}],"version-history":[{"count":1,"href":"https:\/\/www.radiomais.ao\/index.php\/wp-json\/wp\/v2\/posts\/3817\/revisions"}],"predecessor-version":[{"id":3819,"href":"https:\/\/www.radiomais.ao\/index.php\/wp-json\/wp\/v2\/posts\/3817\/revisions\/3819"}],"wp:featuredmedia":[{"embeddable":true,"href":"https:\/\/www.radiomais.ao\/index.php\/wp-json\/wp\/v2\/media\/3818"}],"wp:attachment":[{"href":"https:\/\/www.radiomais.ao\/index.php\/wp-json\/wp\/v2\/media?parent=3817"}],"wp:term":[{"taxonomy":"category","embeddable":true,"href":"https:\/\/www.radiomais.ao\/index.php\/wp-json\/wp\/v2\/categories?post=3817"},{"taxonomy":"post_tag","embeddable":true,"href":"https:\/\/www.radiomais.ao\/index.php\/wp-json\/wp\/v2\/tags?post=3817"}],"curies":[{"name":"wp","href":"https:\/\/api.w.org\/{rel}","templated":true}]}}