{"id":3823,"date":"2026-01-06T08:59:05","date_gmt":"2026-01-06T07:59:05","guid":{"rendered":"https:\/\/www.radiomais.ao\/?p=3823"},"modified":"2026-01-06T08:59:05","modified_gmt":"2026-01-06T07:59:05","slug":"presidente-joao-lourenco-propoe-novas-iniciativas-de-paz-para-o-leste-da-rdc","status":"publish","type":"post","link":"https:\/\/www.radiomais.ao\/index.php\/2026\/01\/06\/presidente-joao-lourenco-propoe-novas-iniciativas-de-paz-para-o-leste-da-rdc\/","title":{"rendered":"Presidente Jo\u00e3o Louren\u00e7o prop\u00f5e novas iniciativas de paz para o Leste da RDC."},"content":{"rendered":"\n<p><strong>A situa\u00e7\u00e3o de guerra que persiste no Leste da Rep\u00fablica Democr\u00e1tica do Congo (RDC) fez reunir, ontem, em Luanda, o Presidente da Rep\u00fablica, Jo\u00e3o Louren\u00e7o, na sua qualidade de Presidente em exerc\u00edcio da Uni\u00e3o Africana, com o Presidente da RDC, F\u00e9lix Tchisekedi, para juntos encontrarem outra vez alguma alternativa de sa\u00edda<\/strong><\/p>\n\n\n\n<p>Sem sobrepor o acordo de paz assinado em Washington e o de Doha, o Presidente da Rep\u00fablica, Jo\u00e3o Louren\u00e7o, prop\u00f4s algumas iniciativas que possam refor\u00e7ar as j\u00e1 tomadas, no sentido de se encontrarem as solu\u00e7\u00f5es para uma paz definitiva no Leste da RDC. Num breve encontro que manteve ontem em Luanda com o Presidente da RDC, F\u00e9lix Tchisekedi, o Presidente Jo\u00e3o Louren\u00e7o partilhou com Tchissekedi algumas propostas que o Estadista congol\u00eas preferiu n\u00e3o divulgar. Ler mais em <strong><em><a href=\"https:\/\/www.opais.ao\/politica\/presidente-joao-lourenco-propoe-novas-iniciativas-de-paz-para-o-leste-da-rdc\/\">Opa\u00eds<\/a><\/em><\/strong><\/p>\n","protected":false},"excerpt":{"rendered":"<p>A situa\u00e7\u00e3o de guerra que persiste no Leste da Rep\u00fablica Democr\u00e1tica do Congo (RDC) fez reunir, ontem, em Luanda, o Presidente da Rep\u00fablica, Jo\u00e3o Louren\u00e7o, na sua qualidade de Presidente em exerc\u00edcio da Uni\u00e3o Africana, com o Presidente da RDC, F\u00e9lix Tchisekedi, para juntos encontrarem outra vez alguma alternativa de sa\u00edda Sem sobrepor o acordo [&hellip;]<\/p>\n","protected":false},"author":3,"featured_media":3824,"comment_status":"open","ping_status":"open","sticky":false,"template":"","format":"standard","meta":{"footnotes":""},"categories":[16],"tags":[97,132,769],"class_list":["post-3823","post","type-post","status-publish","format-standard","has-post-thumbnail","hentry","category-actualidade","tag-joao-lourenco","tag-pr","tag-rdc"],"blocksy_meta":[],"_links":{"self":[{"href":"https:\/\/www.radiomais.ao\/index.php\/wp-json\/wp\/v2\/posts\/3823","targetHints":{"allow":["GET"]}}],"collection":[{"href":"https:\/\/www.radiomais.ao\/index.php\/wp-json\/wp\/v2\/posts"}],"about":[{"href":"https:\/\/www.radiomais.ao\/index.php\/wp-json\/wp\/v2\/types\/post"}],"author":[{"embeddable":true,"href":"https:\/\/www.radiomais.ao\/index.php\/wp-json\/wp\/v2\/users\/3"}],"replies":[{"embeddable":true,"href":"https:\/\/www.radiomais.ao\/index.php\/wp-json\/wp\/v2\/comments?post=3823"}],"version-history":[{"count":1,"href":"https:\/\/www.radiomais.ao\/index.php\/wp-json\/wp\/v2\/posts\/3823\/revisions"}],"predecessor-version":[{"id":3825,"href":"https:\/\/www.radiomais.ao\/index.php\/wp-json\/wp\/v2\/posts\/3823\/revisions\/3825"}],"wp:featuredmedia":[{"embeddable":true,"href":"https:\/\/www.radiomais.ao\/index.php\/wp-json\/wp\/v2\/media\/3824"}],"wp:attachment":[{"href":"https:\/\/www.radiomais.ao\/index.php\/wp-json\/wp\/v2\/media?parent=3823"}],"wp:term":[{"taxonomy":"category","embeddable":true,"href":"https:\/\/www.radiomais.ao\/index.php\/wp-json\/wp\/v2\/categories?post=3823"},{"taxonomy":"post_tag","embeddable":true,"href":"https:\/\/www.radiomais.ao\/index.php\/wp-json\/wp\/v2\/tags?post=3823"}],"curies":[{"name":"wp","href":"https:\/\/api.w.org\/{rel}","templated":true}]}}