{"id":3826,"date":"2026-01-06T10:15:20","date_gmt":"2026-01-06T09:15:20","guid":{"rendered":"https:\/\/www.radiomais.ao\/?p=3826"},"modified":"2026-01-06T10:15:20","modified_gmt":"2026-01-06T09:15:20","slug":"cidadaos-incendeiam-uma-aldeia-para-vingar-morte-do-ente-querido","status":"publish","type":"post","link":"https:\/\/www.radiomais.ao\/index.php\/2026\/01\/06\/cidadaos-incendeiam-uma-aldeia-para-vingar-morte-do-ente-querido\/","title":{"rendered":"Cidad\u00e3os incendeiam uma aldeia para vingar morte do ente querido."},"content":{"rendered":"\n<p><strong>Na prov\u00edncia de Malanje, munic\u00edpio de Calandula, bairro Hele, tr\u00eas cidad\u00e3os foram detidos pelo Servi\u00e7o de Investiga\u00e7\u00e3o Criminal (SIC) por atearem fogo numa aldeia. A ac\u00e7\u00e3o de retalia\u00e7\u00e3o pela morte de um cidad\u00e3o resultou na queima de 21 casas<\/strong><\/p>\n\n\n\n<p>Os acusados procederam de tal maneira como for ma de vingarem a morte do seu ente querido, que em vida respondia pelo nome Mendon\u00e7a Domingos Quissanga, morto no primeiro dia do ano 2026 numa rixa.<\/p>\n\n\n\n<p>Segundo Augusto Barros Andr\u00e9, chefe da \u00e1rea de comunica\u00e7\u00e3o institucional e imprensa do SIC-Malanje, os autores da morte de Mendon\u00e7a encontram-se foragidos e, por este motivo, os seus parentes, nomeadamente Afonso Dala Cabanga, Louren\u00e7o Andr\u00e9 Cauana e Franco Armindo, com idades compreendidas entre os 4855 anos, decidiram incendiar a aldeia onde residiam os elementos do grupo rival. Os cidad\u00e3os implicados serviram-se de recipientes cheios de gas\u00f3leo para consumar o acto, que deixou destru\u00eddas 21 resid\u00eancias de adobo.<\/p>\n\n\n\n<p>Depois de atearem fogo a estas resid\u00eancias, os criminosos puseram-se em fuga. Segundo Augusto Barros An-dr\u00e9, logo que tiveram conhecimento do ocorrido, os efectivos do SIC deram in\u00edcio as dilig\u00eancias para a deten\u00e7\u00e3o dos implicados. O pior, na aldeia, s\u00f3 n\u00e3o aconteceu porque a maior parte dos moradores encontrava-se nas lavras a trabalhar.<\/p>\n","protected":false},"excerpt":{"rendered":"<p>Na prov\u00edncia de Malanje, munic\u00edpio de Calandula, bairro Hele, tr\u00eas cidad\u00e3os foram detidos pelo Servi\u00e7o de Investiga\u00e7\u00e3o Criminal (SIC) por atearem fogo numa aldeia. A ac\u00e7\u00e3o de retalia\u00e7\u00e3o pela morte de um cidad\u00e3o resultou na queima de 21 casas Os acusados procederam de tal maneira como for ma de vingarem a morte do seu ente [&hellip;]<\/p>\n","protected":false},"author":3,"featured_media":3827,"comment_status":"open","ping_status":"open","sticky":false,"template":"","format":"standard","meta":{"footnotes":""},"categories":[16],"tags":[1563,1564,1562],"class_list":["post-3826","post","type-post","status-publish","format-standard","has-post-thumbnail","hentry","category-actualidade","tag-ente-querido","tag-incendeiam-aldeia","tag-vinganca"],"blocksy_meta":[],"_links":{"self":[{"href":"https:\/\/www.radiomais.ao\/index.php\/wp-json\/wp\/v2\/posts\/3826","targetHints":{"allow":["GET"]}}],"collection":[{"href":"https:\/\/www.radiomais.ao\/index.php\/wp-json\/wp\/v2\/posts"}],"about":[{"href":"https:\/\/www.radiomais.ao\/index.php\/wp-json\/wp\/v2\/types\/post"}],"author":[{"embeddable":true,"href":"https:\/\/www.radiomais.ao\/index.php\/wp-json\/wp\/v2\/users\/3"}],"replies":[{"embeddable":true,"href":"https:\/\/www.radiomais.ao\/index.php\/wp-json\/wp\/v2\/comments?post=3826"}],"version-history":[{"count":1,"href":"https:\/\/www.radiomais.ao\/index.php\/wp-json\/wp\/v2\/posts\/3826\/revisions"}],"predecessor-version":[{"id":3828,"href":"https:\/\/www.radiomais.ao\/index.php\/wp-json\/wp\/v2\/posts\/3826\/revisions\/3828"}],"wp:featuredmedia":[{"embeddable":true,"href":"https:\/\/www.radiomais.ao\/index.php\/wp-json\/wp\/v2\/media\/3827"}],"wp:attachment":[{"href":"https:\/\/www.radiomais.ao\/index.php\/wp-json\/wp\/v2\/media?parent=3826"}],"wp:term":[{"taxonomy":"category","embeddable":true,"href":"https:\/\/www.radiomais.ao\/index.php\/wp-json\/wp\/v2\/categories?post=3826"},{"taxonomy":"post_tag","embeddable":true,"href":"https:\/\/www.radiomais.ao\/index.php\/wp-json\/wp\/v2\/tags?post=3826"}],"curies":[{"name":"wp","href":"https:\/\/api.w.org\/{rel}","templated":true}]}}