{"id":3829,"date":"2026-01-06T10:22:54","date_gmt":"2026-01-06T09:22:54","guid":{"rendered":"https:\/\/www.radiomais.ao\/?p=3829"},"modified":"2026-01-06T10:22:54","modified_gmt":"2026-01-06T09:22:54","slug":"detido-cidadao-suspeito-de-desferir-disparo-com-arma-de-fogo-contra-mulher-vietnamita","status":"publish","type":"post","link":"https:\/\/www.radiomais.ao\/index.php\/2026\/01\/06\/detido-cidadao-suspeito-de-desferir-disparo-com-arma-de-fogo-contra-mulher-vietnamita\/","title":{"rendered":"Detido cidad\u00e3o suspeito de desferir disparo com arma de fogo contra mulher vietnamita."},"content":{"rendered":"\n<p><strong>Foi apresentado, nesta Segunda-feira (05), pela Direc\u00e7\u00e3o de Investiga\u00e7\u00e3o de Il\u00edcitos Penais (DIIP), o cidad\u00e3o suspeito de efectuar o disparo de arma de fogo contra uma cidad\u00e3 vietnamita, na sequ\u00eancia de um assalto, no dia 22 de Dezembro do ano passado. A v\u00edtima teve de ser submetida a uma cirurgia<\/strong>.<\/p>\n\n\n\n<p>O assalto ter\u00e1 ocorrido no munic\u00edpio do Hoji-ya-Henda e realizado por quatro indiv\u00edduos a bordo de duas motorizadas que dispunham de armas de fogo, de acordo com Quintino Ferreira, porta-voz do DIIP. Durante o assalto, furtaram da mulher, que \u00e9 comerciante, somas avultadas em dinheiro, quando esta transportava os valores do seu estabelecimento para uma unidade banc\u00e1ria.<\/p>\n\n\n\n<p>\u201cEsses indiv\u00edduos colocaram-se em fuga e, na investiga\u00e7\u00e3o criminal desenvolvida pela DIIP, fruto de um trabalho de intelig\u00eancia, numa ac\u00e7\u00e3o coordenada entre o Comando Provincial de Benguela, por via da DIIP Provincial de Benguela, e o Comando Provincial de Luanda, por via do DIIP da prov\u00edncia de Luanda, procedemos \u00e0 deten\u00e7\u00e3o de um cidad\u00e3o e recu- peramos ainda duas motorizadas e uma arma de fogo\u201d, frisou Quintino Ferreira.<\/p>\n\n\n\n<p>Dado curioso \u00e9 o de o indiv\u00edduo detido estar, segundo o DIIP, tamb\u00e9m envolvido numa outra ocorr\u00eancia, em Julho de 2025, que tem a ver com o assalto de 17 milh\u00f5es de kwanzas em posse de um cidad\u00e3o de nacionalidade maliana, que retirava da empresa para uma unidade banc\u00e1ria, tamb\u00e9m no munic\u00edpio do Hoji-ya-Henda.<\/p>\n","protected":false},"excerpt":{"rendered":"<p>Foi apresentado, nesta Segunda-feira (05), pela Direc\u00e7\u00e3o de Investiga\u00e7\u00e3o de Il\u00edcitos Penais (DIIP), o cidad\u00e3o suspeito de efectuar o disparo de arma de fogo contra uma cidad\u00e3 vietnamita, na sequ\u00eancia de um assalto, no dia 22 de Dezembro do ano passado. A v\u00edtima teve de ser submetida a uma cirurgia. O assalto ter\u00e1 ocorrido no [&hellip;]<\/p>\n","protected":false},"author":3,"featured_media":3830,"comment_status":"open","ping_status":"open","sticky":false,"template":"","format":"standard","meta":{"footnotes":""},"categories":[16],"tags":[1029,1565],"class_list":["post-3829","post","type-post","status-publish","format-standard","has-post-thumbnail","hentry","category-actualidade","tag-detido-cidadao","tag-por-dispara-contra-mulher-vietnamita"],"blocksy_meta":[],"_links":{"self":[{"href":"https:\/\/www.radiomais.ao\/index.php\/wp-json\/wp\/v2\/posts\/3829","targetHints":{"allow":["GET"]}}],"collection":[{"href":"https:\/\/www.radiomais.ao\/index.php\/wp-json\/wp\/v2\/posts"}],"about":[{"href":"https:\/\/www.radiomais.ao\/index.php\/wp-json\/wp\/v2\/types\/post"}],"author":[{"embeddable":true,"href":"https:\/\/www.radiomais.ao\/index.php\/wp-json\/wp\/v2\/users\/3"}],"replies":[{"embeddable":true,"href":"https:\/\/www.radiomais.ao\/index.php\/wp-json\/wp\/v2\/comments?post=3829"}],"version-history":[{"count":1,"href":"https:\/\/www.radiomais.ao\/index.php\/wp-json\/wp\/v2\/posts\/3829\/revisions"}],"predecessor-version":[{"id":3831,"href":"https:\/\/www.radiomais.ao\/index.php\/wp-json\/wp\/v2\/posts\/3829\/revisions\/3831"}],"wp:featuredmedia":[{"embeddable":true,"href":"https:\/\/www.radiomais.ao\/index.php\/wp-json\/wp\/v2\/media\/3830"}],"wp:attachment":[{"href":"https:\/\/www.radiomais.ao\/index.php\/wp-json\/wp\/v2\/media?parent=3829"}],"wp:term":[{"taxonomy":"category","embeddable":true,"href":"https:\/\/www.radiomais.ao\/index.php\/wp-json\/wp\/v2\/categories?post=3829"},{"taxonomy":"post_tag","embeddable":true,"href":"https:\/\/www.radiomais.ao\/index.php\/wp-json\/wp\/v2\/tags?post=3829"}],"curies":[{"name":"wp","href":"https:\/\/api.w.org\/{rel}","templated":true}]}}