{"id":3832,"date":"2026-01-06T10:53:10","date_gmt":"2026-01-06T09:53:10","guid":{"rendered":"https:\/\/www.radiomais.ao\/?p=3832"},"modified":"2026-01-06T10:53:10","modified_gmt":"2026-01-06T09:53:10","slug":"mae-e-acusada-de-ter-queimado-os-bracos-do-proprio-filho-por-roubo-de-100-kwanzas-no-huambo","status":"publish","type":"post","link":"https:\/\/www.radiomais.ao\/index.php\/2026\/01\/06\/mae-e-acusada-de-ter-queimado-os-bracos-do-proprio-filho-por-roubo-de-100-kwanzas-no-huambo\/","title":{"rendered":"M\u00e3e \u00e9 acusada de ter queimado os bra\u00e7os do pr\u00f3prio filho, por  roubo de 100 kwanzas no Huambo."},"content":{"rendered":"\n<p>Na prov\u00edncia do Huambo, uma mulher \u00e9 acusada de ter queimado os membros superiores do filho de 9 anos de idade, por alegado roubo de 100 kwanzas, situa\u00e7\u00e3o que pode resultar numa pena de at\u00e9 10 anos de pris\u00e3o.<\/p>\n\n\n\n<p>O caso faz parte das mais de 40 ocorr\u00eancias de viol\u00eancia contra menores registadas na \u00faltima semana na prov\u00edncia, segundo a porta-voz do Instituto Nacional da Crian\u00e7a, Rosalina Domingos.<\/p>\n\n\n<div \n    class=\"align wp-block-scb-sound-cloud\"    id=\"scbSoundCloud-1\"\n    data-attributes='{&quot;cId&quot;:&quot;ac7e82ba-7&quot;,&quot;tracks&quot;:[{&quot;url&quot;:&quot;https:\\\/\\\/soundcloud.com\\\/radio-mais-luanda\\\/mae-e-acusada-de-queimar-as-maos-ao-proprio-filho-por-roubo-de-100-kwanzas-no-huambo?si=3928422d011747c597f1a8723154883c&amp;utm_source=clipboard&amp;utm_medium=text&amp;utm_campaign=social_sharing&quot;,&quot;startTrack&quot;:0}],&quot;alignment&quot;:&quot;center&quot;,&quot;align&quot;:&quot;&quot;,&quot;options&quot;:{&quot;isAutoPlay&quot;:true,&quot;color&quot;:&quot;#f50&quot;,&quot;isBuying&quot;:true,&quot;isSharing&quot;:true,&quot;isDownload&quot;:true,&quot;isArtWork&quot;:true,&quot;isPlayCount&quot;:true,&quot;isUser&quot;:true,&quot;isSingleActive&quot;:true,&quot;isComments&quot;:true,&quot;isVisual&quot;:false,&quot;isTeaser&quot;:false,&quot;isHideRelated&quot;:false},&quot;iframeStyle&quot;:{&quot;width&quot;:&quot;100%&quot;,&quot;height&quot;:&quot;170px&quot;},&quot;frameBorder&quot;:{&quot;color&quot;:&quot;#000&quot;,&quot;style&quot;:&quot;solid&quot;,&quot;width&quot;:&quot;1px&quot;},&quot;frameBRadius&quot;:{&quot;top&quot;:&quot;3px&quot;,&quot;bottom&quot;:&quot;3px&quot;,&quot;left&quot;:&quot;3px&quot;,&quot;right&quot;:&quot;3px&quot;},&quot;frameBoxShadow&quot;:[]}'>\n<\/div>\n\n \n      ","protected":false},"excerpt":{"rendered":"<p>Na prov\u00edncia do Huambo, uma mulher \u00e9 acusada de ter queimado os membros superiores do filho de 9 anos de idade, por alegado roubo de 100 kwanzas, situa\u00e7\u00e3o que pode resultar numa pena de at\u00e9 10 anos de pris\u00e3o. O caso faz parte das mais de 40 ocorr\u00eancias de viol\u00eancia contra menores registadas na \u00faltima [&hellip;]<\/p>\n","protected":false},"author":3,"featured_media":3833,"comment_status":"open","ping_status":"open","sticky":false,"template":"","format":"standard","meta":{"footnotes":""},"categories":[16],"tags":[1566,92,1567],"class_list":["post-3832","post","type-post","status-publish","format-standard","has-post-thumbnail","hentry","category-actualidade","tag-crime","tag-huambo","tag-mae-queima-maos-de-filho"],"blocksy_meta":[],"_links":{"self":[{"href":"https:\/\/www.radiomais.ao\/index.php\/wp-json\/wp\/v2\/posts\/3832","targetHints":{"allow":["GET"]}}],"collection":[{"href":"https:\/\/www.radiomais.ao\/index.php\/wp-json\/wp\/v2\/posts"}],"about":[{"href":"https:\/\/www.radiomais.ao\/index.php\/wp-json\/wp\/v2\/types\/post"}],"author":[{"embeddable":true,"href":"https:\/\/www.radiomais.ao\/index.php\/wp-json\/wp\/v2\/users\/3"}],"replies":[{"embeddable":true,"href":"https:\/\/www.radiomais.ao\/index.php\/wp-json\/wp\/v2\/comments?post=3832"}],"version-history":[{"count":1,"href":"https:\/\/www.radiomais.ao\/index.php\/wp-json\/wp\/v2\/posts\/3832\/revisions"}],"predecessor-version":[{"id":3834,"href":"https:\/\/www.radiomais.ao\/index.php\/wp-json\/wp\/v2\/posts\/3832\/revisions\/3834"}],"wp:featuredmedia":[{"embeddable":true,"href":"https:\/\/www.radiomais.ao\/index.php\/wp-json\/wp\/v2\/media\/3833"}],"wp:attachment":[{"href":"https:\/\/www.radiomais.ao\/index.php\/wp-json\/wp\/v2\/media?parent=3832"}],"wp:term":[{"taxonomy":"category","embeddable":true,"href":"https:\/\/www.radiomais.ao\/index.php\/wp-json\/wp\/v2\/categories?post=3832"},{"taxonomy":"post_tag","embeddable":true,"href":"https:\/\/www.radiomais.ao\/index.php\/wp-json\/wp\/v2\/tags?post=3832"}],"curies":[{"name":"wp","href":"https:\/\/api.w.org\/{rel}","templated":true}]}}