{"id":3841,"date":"2026-01-06T14:21:03","date_gmt":"2026-01-06T13:21:03","guid":{"rendered":"https:\/\/www.radiomais.ao\/?p=3841"},"modified":"2026-01-06T14:21:03","modified_gmt":"2026-01-06T13:21:03","slug":"assinala-se-hoje-o-dia-mundial-dos-orfaos-de-guerra","status":"publish","type":"post","link":"https:\/\/www.radiomais.ao\/index.php\/2026\/01\/06\/assinala-se-hoje-o-dia-mundial-dos-orfaos-de-guerra\/","title":{"rendered":"Assinala-se hoje, o dia mundial dos \u00d3rf\u00e3os de Guerra."},"content":{"rendered":"\n<p>A data institu\u00edda pelas Na\u00e7\u00f5es Unidas visa despertar a consci\u00eancia e abordar os perigos enfrentados por \u00f3rf\u00e3os ou crian\u00e7as em conflito.<\/p>\n\n\n\n<p>Dados revelam que mais de 2 milh\u00f5es de Crian\u00e7as morreram como resultado direto de conflitos armados na \u00faltima d\u00e9cada, e pelo menos 6 milh\u00f5es de crian\u00e7as, foram incapacitadas.<\/p>\n\n\n\n<p>Na Icole Bengo, o apoio \u00e0 protec\u00e7\u00e3o social de crian\u00e7as v\u00edtimas de orfandade tem sido uma das prioridades da prov\u00edncia que promove o bem-estar junto das fam\u00edlias.<\/p>\n\n\n<div \n    class=\"align wp-block-scb-sound-cloud\"    id=\"scbSoundCloud-1\"\n    data-attributes='{&quot;cId&quot;:&quot;47c8d758-d&quot;,&quot;tracks&quot;:[{&quot;url&quot;:&quot;https:\\\/\\\/soundcloud.com\\\/radio-mais-luanda\\\/assinala-se-hoje-o-dia-mundial-dos-orfaos-de-guerra?si=a21bc093463b48ba817a039ff63a3175&amp;utm_source=clipboard&amp;utm_medium=text&amp;utm_campaign=social_sharing&quot;,&quot;startTrack&quot;:0}],&quot;alignment&quot;:&quot;center&quot;,&quot;align&quot;:&quot;&quot;,&quot;options&quot;:{&quot;isAutoPlay&quot;:true,&quot;color&quot;:&quot;#f50&quot;,&quot;isBuying&quot;:true,&quot;isSharing&quot;:true,&quot;isDownload&quot;:true,&quot;isArtWork&quot;:true,&quot;isPlayCount&quot;:true,&quot;isUser&quot;:true,&quot;isSingleActive&quot;:true,&quot;isComments&quot;:true,&quot;isVisual&quot;:false,&quot;isTeaser&quot;:false,&quot;isHideRelated&quot;:false},&quot;iframeStyle&quot;:{&quot;width&quot;:&quot;100%&quot;,&quot;height&quot;:&quot;170px&quot;},&quot;frameBorder&quot;:{&quot;color&quot;:&quot;#000&quot;,&quot;style&quot;:&quot;solid&quot;,&quot;width&quot;:&quot;1px&quot;},&quot;frameBRadius&quot;:{&quot;top&quot;:&quot;3px&quot;,&quot;bottom&quot;:&quot;3px&quot;,&quot;left&quot;:&quot;3px&quot;,&quot;right&quot;:&quot;3px&quot;},&quot;frameBoxShadow&quot;:[]}'>\n<\/div>\n\n \n      ","protected":false},"excerpt":{"rendered":"<p>A data institu\u00edda pelas Na\u00e7\u00f5es Unidas visa despertar a consci\u00eancia e abordar os perigos enfrentados por \u00f3rf\u00e3os ou crian\u00e7as em conflito. Dados revelam que mais de 2 milh\u00f5es de Crian\u00e7as morreram como resultado direto de conflitos armados na \u00faltima d\u00e9cada, e pelo menos 6 milh\u00f5es de crian\u00e7as, foram incapacitadas. Na Icole Bengo, o apoio \u00e0 [&hellip;]<\/p>\n","protected":false},"author":3,"featured_media":3842,"comment_status":"open","ping_status":"open","sticky":false,"template":"","format":"standard","meta":{"footnotes":""},"categories":[16],"tags":[1571,1336],"class_list":["post-3841","post","type-post","status-publish","format-standard","has-post-thumbnail","hentry","category-actualidade","tag-dia-mundial-dos-orfaos-de-guerra","tag-efemeride"],"blocksy_meta":[],"_links":{"self":[{"href":"https:\/\/www.radiomais.ao\/index.php\/wp-json\/wp\/v2\/posts\/3841","targetHints":{"allow":["GET"]}}],"collection":[{"href":"https:\/\/www.radiomais.ao\/index.php\/wp-json\/wp\/v2\/posts"}],"about":[{"href":"https:\/\/www.radiomais.ao\/index.php\/wp-json\/wp\/v2\/types\/post"}],"author":[{"embeddable":true,"href":"https:\/\/www.radiomais.ao\/index.php\/wp-json\/wp\/v2\/users\/3"}],"replies":[{"embeddable":true,"href":"https:\/\/www.radiomais.ao\/index.php\/wp-json\/wp\/v2\/comments?post=3841"}],"version-history":[{"count":1,"href":"https:\/\/www.radiomais.ao\/index.php\/wp-json\/wp\/v2\/posts\/3841\/revisions"}],"predecessor-version":[{"id":3843,"href":"https:\/\/www.radiomais.ao\/index.php\/wp-json\/wp\/v2\/posts\/3841\/revisions\/3843"}],"wp:featuredmedia":[{"embeddable":true,"href":"https:\/\/www.radiomais.ao\/index.php\/wp-json\/wp\/v2\/media\/3842"}],"wp:attachment":[{"href":"https:\/\/www.radiomais.ao\/index.php\/wp-json\/wp\/v2\/media?parent=3841"}],"wp:term":[{"taxonomy":"category","embeddable":true,"href":"https:\/\/www.radiomais.ao\/index.php\/wp-json\/wp\/v2\/categories?post=3841"},{"taxonomy":"post_tag","embeddable":true,"href":"https:\/\/www.radiomais.ao\/index.php\/wp-json\/wp\/v2\/tags?post=3841"}],"curies":[{"name":"wp","href":"https:\/\/api.w.org\/{rel}","templated":true}]}}