{"id":3844,"date":"2026-01-06T14:33:03","date_gmt":"2026-01-06T13:33:03","guid":{"rendered":"https:\/\/www.radiomais.ao\/?p=3844"},"modified":"2026-01-06T14:33:03","modified_gmt":"2026-01-06T13:33:03","slug":"gpttmu-vai-sancionar-a-delegacao-provincial-da-anata-de-forma-unilateral","status":"publish","type":"post","link":"https:\/\/www.radiomais.ao\/index.php\/2026\/01\/06\/gpttmu-vai-sancionar-a-delegacao-provincial-da-anata-de-forma-unilateral\/","title":{"rendered":"GPTTMU vai sancionar a delega\u00e7\u00e3o provincial da ANATA de forma unilateral."},"content":{"rendered":"\n<p>O Gabinete dos Transportes, Tr\u00e1fego e Mobilidade Urbana da Hu\u00edla vai sancionar a delega\u00e7\u00e3o provincial da ANATA, que de forma unilateral anunciou, no Lubango, a subida da corrida do pre\u00e7o do t\u00e1xi, sem ouvir as demais associa\u00e7\u00f5es parceiras.<\/p>\n\n\n<div \n    class=\"align wp-block-scb-sound-cloud\"    id=\"scbSoundCloud-1\"\n    data-attributes='{&quot;cId&quot;:&quot;2d61258f-3&quot;,&quot;tracks&quot;:[{&quot;url&quot;:&quot;https:\\\/\\\/soundcloud.com\\\/radio-mais-luanda\\\/o-gabinete-dos-transportes-trafego-e-mobilidade-urbana-da-huila-vai-sancionar-a-delegacao-provincial-da-anata?si=34327cd15c184302badf054440f22f0c&amp;utm_source=clipboard&amp;utm_medium=text&amp;utm_campaign=social_sharing&quot;,&quot;startTrack&quot;:0}],&quot;alignment&quot;:&quot;center&quot;,&quot;align&quot;:&quot;&quot;,&quot;options&quot;:{&quot;isAutoPlay&quot;:true,&quot;color&quot;:&quot;#f50&quot;,&quot;isBuying&quot;:true,&quot;isSharing&quot;:true,&quot;isDownload&quot;:true,&quot;isArtWork&quot;:true,&quot;isPlayCount&quot;:true,&quot;isUser&quot;:true,&quot;isSingleActive&quot;:true,&quot;isComments&quot;:true,&quot;isVisual&quot;:false,&quot;isTeaser&quot;:false,&quot;isHideRelated&quot;:false},&quot;iframeStyle&quot;:{&quot;width&quot;:&quot;100%&quot;,&quot;height&quot;:&quot;170px&quot;},&quot;frameBorder&quot;:{&quot;color&quot;:&quot;#000&quot;,&quot;style&quot;:&quot;solid&quot;,&quot;width&quot;:&quot;1px&quot;},&quot;frameBRadius&quot;:{&quot;top&quot;:&quot;3px&quot;,&quot;bottom&quot;:&quot;3px&quot;,&quot;left&quot;:&quot;3px&quot;,&quot;right&quot;:&quot;3px&quot;},&quot;frameBoxShadow&quot;:[]}'>\n<\/div>\n\n \n      ","protected":false},"excerpt":{"rendered":"<p>O Gabinete dos Transportes, Tr\u00e1fego e Mobilidade Urbana da Hu\u00edla vai sancionar a delega\u00e7\u00e3o provincial da ANATA, que de forma unilateral anunciou, no Lubango, a subida da corrida do pre\u00e7o do t\u00e1xi, sem ouvir as demais associa\u00e7\u00f5es parceiras.<\/p>\n","protected":false},"author":3,"featured_media":3845,"comment_status":"open","ping_status":"open","sticky":false,"template":"","format":"standard","meta":{"footnotes":""},"categories":[16],"tags":[1573,1572,1158],"class_list":["post-3844","post","type-post","status-publish","format-standard","has-post-thumbnail","hentry","category-actualidade","tag-anata","tag-gpttmu","tag-huila-2"],"blocksy_meta":[],"_links":{"self":[{"href":"https:\/\/www.radiomais.ao\/index.php\/wp-json\/wp\/v2\/posts\/3844","targetHints":{"allow":["GET"]}}],"collection":[{"href":"https:\/\/www.radiomais.ao\/index.php\/wp-json\/wp\/v2\/posts"}],"about":[{"href":"https:\/\/www.radiomais.ao\/index.php\/wp-json\/wp\/v2\/types\/post"}],"author":[{"embeddable":true,"href":"https:\/\/www.radiomais.ao\/index.php\/wp-json\/wp\/v2\/users\/3"}],"replies":[{"embeddable":true,"href":"https:\/\/www.radiomais.ao\/index.php\/wp-json\/wp\/v2\/comments?post=3844"}],"version-history":[{"count":1,"href":"https:\/\/www.radiomais.ao\/index.php\/wp-json\/wp\/v2\/posts\/3844\/revisions"}],"predecessor-version":[{"id":3846,"href":"https:\/\/www.radiomais.ao\/index.php\/wp-json\/wp\/v2\/posts\/3844\/revisions\/3846"}],"wp:featuredmedia":[{"embeddable":true,"href":"https:\/\/www.radiomais.ao\/index.php\/wp-json\/wp\/v2\/media\/3845"}],"wp:attachment":[{"href":"https:\/\/www.radiomais.ao\/index.php\/wp-json\/wp\/v2\/media?parent=3844"}],"wp:term":[{"taxonomy":"category","embeddable":true,"href":"https:\/\/www.radiomais.ao\/index.php\/wp-json\/wp\/v2\/categories?post=3844"},{"taxonomy":"post_tag","embeddable":true,"href":"https:\/\/www.radiomais.ao\/index.php\/wp-json\/wp\/v2\/tags?post=3844"}],"curies":[{"name":"wp","href":"https:\/\/api.w.org\/{rel}","templated":true}]}}