{"id":3857,"date":"2026-01-08T09:21:16","date_gmt":"2026-01-08T08:21:16","guid":{"rendered":"https:\/\/www.radiomais.ao\/?p=3857"},"modified":"2026-01-08T09:21:16","modified_gmt":"2026-01-08T08:21:16","slug":"governo-determina-encerramento-de-todas-as-casas-de-pesagem","status":"publish","type":"post","link":"https:\/\/www.radiomais.ao\/index.php\/2026\/01\/08\/governo-determina-encerramento-de-todas-as-casas-de-pesagem\/","title":{"rendered":"Governo determina encerramento de todas as casas de pesagem."},"content":{"rendered":"\n<p><strong>As casas de pesagem s\u00e3o tidas como instigadoras do vandalismo de componentes met\u00e1licos afectos a infra-estruturas el\u00e9ctricas, h\u00eddricas, de transporte, comunica\u00e7\u00e3o, saneamento e outros servi\u00e7os p\u00fablicos essenciais que se t\u00eam registado no pa\u00eds<\/strong>.<\/p>\n\n\n\n<p>Em Decreto Executivo assinado pelo ministro do Com\u00e9rcio e Ind\u00fastria Rui Mingu\u00eas de Oliveira, foram interditadas e revogadas licen\u00e7as de todas as casas de pesagem, sucateiras, intermedi\u00e1rios e entrepostos ligados ao neg\u00f3cio de pesagem de metal ferroso e n\u00e3o ferroso.<\/p>\n\n\n\n<p>A medida abrange ainda operadores de balan\u00e7as ou b\u00e1sculas de sucata para fins comerciais, pontos de recolha, quintais, armaz\u00e9ns, parques, estaleiros comerciais e demais espa\u00e7os n\u00e3o permitidos pela legisla\u00e7\u00e3o comercial. Com o encerramento das casas de pesagem, foram cancelados todos os alvar\u00e1s comerciais concedidos, independentemente da entidade emitente, ao abrigo dos quais os operadores dos servi\u00e7os de pesagem de metal ferroso e n\u00e3o ferroso exercem a referida actividade.<\/p>\n\n\n\n<p>O governo fundamenta a decis\u00e3o com a necessidade de preservar o interesse p\u00fablico, a seguran\u00e7a p\u00fablica e salvaguarda dos direitos dos consumidores e da garantia da integridade dos bens, assim como reorganizar e disciplinar a actividade comercial de pesagem.<\/p>\n","protected":false},"excerpt":{"rendered":"<p>As casas de pesagem s\u00e3o tidas como instigadoras do vandalismo de componentes met\u00e1licos afectos a infra-estruturas el\u00e9ctricas, h\u00eddricas, de transporte, comunica\u00e7\u00e3o, saneamento e outros servi\u00e7os p\u00fablicos essenciais que se t\u00eam registado no pa\u00eds. Em Decreto Executivo assinado pelo ministro do Com\u00e9rcio e Ind\u00fastria Rui Mingu\u00eas de Oliveira, foram interditadas e revogadas licen\u00e7as de todas as [&hellip;]<\/p>\n","protected":false},"author":3,"featured_media":3858,"comment_status":"open","ping_status":"open","sticky":false,"template":"","format":"standard","meta":{"footnotes":""},"categories":[16],"tags":[1578,1579],"class_list":["post-3857","post","type-post","status-publish","format-standard","has-post-thumbnail","hentry","category-actualidade","tag-casas-de-pesagem","tag-encerradas"],"blocksy_meta":[],"_links":{"self":[{"href":"https:\/\/www.radiomais.ao\/index.php\/wp-json\/wp\/v2\/posts\/3857","targetHints":{"allow":["GET"]}}],"collection":[{"href":"https:\/\/www.radiomais.ao\/index.php\/wp-json\/wp\/v2\/posts"}],"about":[{"href":"https:\/\/www.radiomais.ao\/index.php\/wp-json\/wp\/v2\/types\/post"}],"author":[{"embeddable":true,"href":"https:\/\/www.radiomais.ao\/index.php\/wp-json\/wp\/v2\/users\/3"}],"replies":[{"embeddable":true,"href":"https:\/\/www.radiomais.ao\/index.php\/wp-json\/wp\/v2\/comments?post=3857"}],"version-history":[{"count":1,"href":"https:\/\/www.radiomais.ao\/index.php\/wp-json\/wp\/v2\/posts\/3857\/revisions"}],"predecessor-version":[{"id":3859,"href":"https:\/\/www.radiomais.ao\/index.php\/wp-json\/wp\/v2\/posts\/3857\/revisions\/3859"}],"wp:featuredmedia":[{"embeddable":true,"href":"https:\/\/www.radiomais.ao\/index.php\/wp-json\/wp\/v2\/media\/3858"}],"wp:attachment":[{"href":"https:\/\/www.radiomais.ao\/index.php\/wp-json\/wp\/v2\/media?parent=3857"}],"wp:term":[{"taxonomy":"category","embeddable":true,"href":"https:\/\/www.radiomais.ao\/index.php\/wp-json\/wp\/v2\/categories?post=3857"},{"taxonomy":"post_tag","embeddable":true,"href":"https:\/\/www.radiomais.ao\/index.php\/wp-json\/wp\/v2\/tags?post=3857"}],"curies":[{"name":"wp","href":"https:\/\/api.w.org\/{rel}","templated":true}]}}