{"id":3860,"date":"2026-01-08T09:26:51","date_gmt":"2026-01-08T08:26:51","guid":{"rendered":"https:\/\/www.radiomais.ao\/?p=3860"},"modified":"2026-01-08T09:26:51","modified_gmt":"2026-01-08T08:26:51","slug":"divisao-administrativa-lanca-zango-3-e-4-numa-crise-de-recolha-de-lixo","status":"publish","type":"post","link":"https:\/\/www.radiomais.ao\/index.php\/2026\/01\/08\/divisao-administrativa-lanca-zango-3-e-4-numa-crise-de-recolha-de-lixo\/","title":{"rendered":"Divis\u00e3o administrativa lan\u00e7a Zango 3 e 4 numa crise de recolha de lixo."},"content":{"rendered":"\n<p><strong>Os moradores do Zango 3 e 4 queixam-se de estarem a ser invadidos pelo lixo por conta da n\u00e3o recolha que se verifica constantemente desde que passaram a pertencer \u00e0 prov\u00edncia de Icolo e Bengo. Administra\u00e7\u00e3o do Calumbo admite dificuldades e diz que recorre, de forma pontual, a cooperativas<\/strong>.<\/p>\n\n\n\n<p>A acumula\u00e7\u00e3o de lixo nas vias p\u00fablicas dos distritos do Zango 3 e 4 tem gerado cres- cente preocupa\u00e7\u00e3o entre moradores, que denunciam falhas constantes na recolha de res\u00edduos s\u00f3lidos desde que estas zonas passaram a integrar a prov\u00edncia do Icolo e Bengo. Em v\u00e1rios pontos, os amontoados de lixo estendem-se at\u00e9 \u00e0s estradas, aproximam-se de resid\u00eancias e estabelecimentos comerciais e representam um risco para a sa\u00fade p\u00fablica.<\/p>\n\n\n\n<p>O cheiro nauseabundo, as moscas e a fuma\u00e7a resultante da queima do lixo tomam conta das ruas, onde os moradores mostram- se agastados com a situa\u00e7\u00e3o e sem muita esperan\u00e7a de verem as ruas limpas como noutrora. Um dos moradores afectados \u00e9 Policarpo da Costa, residente no Zango 4, que afirma viver uma situa\u00e7\u00e3o \u201cextremamente dif\u00edcil\u201d.<\/p>\n\n\n\n<p>Segundo relatou, h\u00e1 mais de dois meses que a recolha de lixo n\u00e3o ocorre de forma regular, obrigando os moradores a depositarem o lixo em contentores j\u00e1 completamente saturados. \u201cNos \u00faltimos dois meses, o lixo s\u00f3 foi recolhido duas vezes. Houve um momento em que o monte ultrapassava dois metros de altura e chegou a ocupar toda a estrada. Tivemos de conviver com as moscas, vermes e um cheiro insuport\u00e1vel\u201d,<\/p>\n","protected":false},"excerpt":{"rendered":"<p>Os moradores do Zango 3 e 4 queixam-se de estarem a ser invadidos pelo lixo por conta da n\u00e3o recolha que se verifica constantemente desde que passaram a pertencer \u00e0 prov\u00edncia de Icolo e Bengo. Administra\u00e7\u00e3o do Calumbo admite dificuldades e diz que recorre, de forma pontual, a cooperativas. A acumula\u00e7\u00e3o de lixo nas vias [&hellip;]<\/p>\n","protected":false},"author":3,"featured_media":3861,"comment_status":"open","ping_status":"open","sticky":false,"template":"","format":"standard","meta":{"footnotes":""},"categories":[16],"tags":[1580,1581],"class_list":["post-3860","post","type-post","status-publish","format-standard","has-post-thumbnail","hentry","category-actualidade","tag-lixo","tag-zango"],"blocksy_meta":[],"_links":{"self":[{"href":"https:\/\/www.radiomais.ao\/index.php\/wp-json\/wp\/v2\/posts\/3860","targetHints":{"allow":["GET"]}}],"collection":[{"href":"https:\/\/www.radiomais.ao\/index.php\/wp-json\/wp\/v2\/posts"}],"about":[{"href":"https:\/\/www.radiomais.ao\/index.php\/wp-json\/wp\/v2\/types\/post"}],"author":[{"embeddable":true,"href":"https:\/\/www.radiomais.ao\/index.php\/wp-json\/wp\/v2\/users\/3"}],"replies":[{"embeddable":true,"href":"https:\/\/www.radiomais.ao\/index.php\/wp-json\/wp\/v2\/comments?post=3860"}],"version-history":[{"count":1,"href":"https:\/\/www.radiomais.ao\/index.php\/wp-json\/wp\/v2\/posts\/3860\/revisions"}],"predecessor-version":[{"id":3862,"href":"https:\/\/www.radiomais.ao\/index.php\/wp-json\/wp\/v2\/posts\/3860\/revisions\/3862"}],"wp:featuredmedia":[{"embeddable":true,"href":"https:\/\/www.radiomais.ao\/index.php\/wp-json\/wp\/v2\/media\/3861"}],"wp:attachment":[{"href":"https:\/\/www.radiomais.ao\/index.php\/wp-json\/wp\/v2\/media?parent=3860"}],"wp:term":[{"taxonomy":"category","embeddable":true,"href":"https:\/\/www.radiomais.ao\/index.php\/wp-json\/wp\/v2\/categories?post=3860"},{"taxonomy":"post_tag","embeddable":true,"href":"https:\/\/www.radiomais.ao\/index.php\/wp-json\/wp\/v2\/tags?post=3860"}],"curies":[{"name":"wp","href":"https:\/\/api.w.org\/{rel}","templated":true}]}}