{"id":3863,"date":"2026-01-08T09:31:24","date_gmt":"2026-01-08T08:31:24","guid":{"rendered":"https:\/\/www.radiomais.ao\/?p=3863"},"modified":"2026-01-08T09:31:24","modified_gmt":"2026-01-08T08:31:24","slug":"filipe-vidala-nossa-cultura-deve-ser-valorizada-a-partir-da-memoria-gastronomica","status":"publish","type":"post","link":"https:\/\/www.radiomais.ao\/index.php\/2026\/01\/08\/filipe-vidala-nossa-cultura-deve-ser-valorizada-a-partir-da-memoria-gastronomica\/","title":{"rendered":"Filipe Vidal:\u201cA nossa cultura deve ser valorizada a partir da mem\u00f3ria gastron\u00f3mica\u201d."},"content":{"rendered":"\n<p><strong>O pa\u00eds assinala hoje, uma vez mais, o Dia Nacional da Cultura, data institu\u00edda por conta do discurso proferido pelo primeiro Presidente da Rep\u00fablica de Angola, Agostinho Neto, na tomada de posse do corpo gerente da Uni\u00e3o dos Escritores Angolanos (UEA), no dia 8 de Janeiro de 1979. Para reflectir a cultura, enquanto modo de vida dos angolanos e dos africanos, o antrop\u00f3logo e professor do CEARTE (Complexo das Escolas de Arte), em Luanda, Filipe Vidal, foi o entrevistado do jornal OPA\u00cdS, que, entre outros assuntos, reiterou o regresso \u00e0s origens para um melhor posicionamento de Angola e de \u00c1frica no mundo<\/strong>. Ler mais em <strong><em><a href=\"https:\/\/www.opais.ao\/entrevista\/filipe-vidala-nossa-cultura-deve-ser-valorizada-a-partir-da-memoria-gastronomica\/\">Opa\u00eds<\/a><\/em><\/strong><\/p>\n","protected":false},"excerpt":{"rendered":"<p>O pa\u00eds assinala hoje, uma vez mais, o Dia Nacional da Cultura, data institu\u00edda por conta do discurso proferido pelo primeiro Presidente da Rep\u00fablica de Angola, Agostinho Neto, na tomada de posse do corpo gerente da Uni\u00e3o dos Escritores Angolanos (UEA), no dia 8 de Janeiro de 1979. Para reflectir a cultura, enquanto modo de [&hellip;]<\/p>\n","protected":false},"author":3,"featured_media":3864,"comment_status":"open","ping_status":"open","sticky":false,"template":"","format":"standard","meta":{"footnotes":""},"categories":[16],"tags":[296,1582],"class_list":["post-3863","post","type-post","status-publish","format-standard","has-post-thumbnail","hentry","category-actualidade","tag-cultura","tag-gastronomia"],"blocksy_meta":[],"_links":{"self":[{"href":"https:\/\/www.radiomais.ao\/index.php\/wp-json\/wp\/v2\/posts\/3863","targetHints":{"allow":["GET"]}}],"collection":[{"href":"https:\/\/www.radiomais.ao\/index.php\/wp-json\/wp\/v2\/posts"}],"about":[{"href":"https:\/\/www.radiomais.ao\/index.php\/wp-json\/wp\/v2\/types\/post"}],"author":[{"embeddable":true,"href":"https:\/\/www.radiomais.ao\/index.php\/wp-json\/wp\/v2\/users\/3"}],"replies":[{"embeddable":true,"href":"https:\/\/www.radiomais.ao\/index.php\/wp-json\/wp\/v2\/comments?post=3863"}],"version-history":[{"count":1,"href":"https:\/\/www.radiomais.ao\/index.php\/wp-json\/wp\/v2\/posts\/3863\/revisions"}],"predecessor-version":[{"id":3865,"href":"https:\/\/www.radiomais.ao\/index.php\/wp-json\/wp\/v2\/posts\/3863\/revisions\/3865"}],"wp:featuredmedia":[{"embeddable":true,"href":"https:\/\/www.radiomais.ao\/index.php\/wp-json\/wp\/v2\/media\/3864"}],"wp:attachment":[{"href":"https:\/\/www.radiomais.ao\/index.php\/wp-json\/wp\/v2\/media?parent=3863"}],"wp:term":[{"taxonomy":"category","embeddable":true,"href":"https:\/\/www.radiomais.ao\/index.php\/wp-json\/wp\/v2\/categories?post=3863"},{"taxonomy":"post_tag","embeddable":true,"href":"https:\/\/www.radiomais.ao\/index.php\/wp-json\/wp\/v2\/tags?post=3863"}],"curies":[{"name":"wp","href":"https:\/\/api.w.org\/{rel}","templated":true}]}}