{"id":3866,"date":"2026-01-08T09:36:03","date_gmt":"2026-01-08T08:36:03","guid":{"rendered":"https:\/\/www.radiomais.ao\/?p=3866"},"modified":"2026-01-08T09:36:03","modified_gmt":"2026-01-08T08:36:03","slug":"selecoes-preparam-armas-para-atacar-quartas-de-final-do-can-2025","status":"publish","type":"post","link":"https:\/\/www.radiomais.ao\/index.php\/2026\/01\/08\/selecoes-preparam-armas-para-atacar-quartas-de-final-do-can-2025\/","title":{"rendered":"Sele\u00e7\u00f5es preparam \u201carmas\u201d para atacar quartas-de-final do CAN 2025."},"content":{"rendered":"\n<p><strong>As oito selec\u00e7\u00f5es que garantiram o apuramento para os quartos-de-final da 35.\u00aa edi\u00e7\u00e3o do Campeonato Africano das Na\u00e7\u00f5es (CAN) entram hoje para a fase derradeira de prepara\u00e7\u00e3o, de modo a estarem de \u201cpedra e cal\u201d<\/strong>.<\/p>\n\n\n\n<p>A fase de grupos terminou com emo\u00e7\u00e3o, tendo decidido as oito selec\u00e7\u00f5es que carimbaram o apuramento para os quartos-de-final, com confrontos que t\u00eam vindo a gerar expectativa entre os amantes do desporto-rei. Assim sendo, cada selec\u00e7\u00e3o vai trabalhar esta quinta-feira a recupera\u00e7\u00e3o f\u00edsica, ajustamentos t\u00e1cticos e ensaio de jogadas, de forma a chegar com total capacidade de rendimento \u00e0s partidas decisivas.<\/p>\n\n\n\n<p>Sabe este jornal que os preparativos incluem simula\u00e7\u00f5es de situa\u00e7\u00f5es de jogo, an\u00e1lise dos advers\u00e1rios e defini\u00e7\u00e3o de estrat\u00e9gias espec\u00edficas para neutralizar pontos fortes dos advers\u00e1rios, garantindo que cada conjunto esteja pronto para qualquer cen\u00e1rio. Al\u00e9m disso, as selec\u00e7\u00f5es v\u00e3o aprimorar os aspectos an\u00edmicos, uma vez que nesta fase qualquer erro ditar\u00e1 a elimina\u00e7\u00e3o.<\/p>\n\n\n\n<p>Eis os desafios dos quartos-de- final: O Senegal, de Sadio Man\u00e9, mede for\u00e7as com o Mali, de Sinayoko, no Ibn Batouta (Grand Stade de Tanger), nesta sexta- feira, a partir das 17:00 (hora de Angola).<\/p>\n","protected":false},"excerpt":{"rendered":"<p>As oito selec\u00e7\u00f5es que garantiram o apuramento para os quartos-de-final da 35.\u00aa edi\u00e7\u00e3o do Campeonato Africano das Na\u00e7\u00f5es (CAN) entram hoje para a fase derradeira de prepara\u00e7\u00e3o, de modo a estarem de \u201cpedra e cal\u201d. A fase de grupos terminou com emo\u00e7\u00e3o, tendo decidido as oito selec\u00e7\u00f5es que carimbaram o apuramento para os quartos-de-final, com [&hellip;]<\/p>\n","protected":false},"author":3,"featured_media":3867,"comment_status":"open","ping_status":"open","sticky":false,"template":"","format":"standard","meta":{"footnotes":""},"categories":[16],"tags":[1583],"class_list":["post-3866","post","type-post","status-publish","format-standard","has-post-thumbnail","hentry","category-actualidade","tag-quartas-de-final-do-can-2025"],"blocksy_meta":[],"_links":{"self":[{"href":"https:\/\/www.radiomais.ao\/index.php\/wp-json\/wp\/v2\/posts\/3866","targetHints":{"allow":["GET"]}}],"collection":[{"href":"https:\/\/www.radiomais.ao\/index.php\/wp-json\/wp\/v2\/posts"}],"about":[{"href":"https:\/\/www.radiomais.ao\/index.php\/wp-json\/wp\/v2\/types\/post"}],"author":[{"embeddable":true,"href":"https:\/\/www.radiomais.ao\/index.php\/wp-json\/wp\/v2\/users\/3"}],"replies":[{"embeddable":true,"href":"https:\/\/www.radiomais.ao\/index.php\/wp-json\/wp\/v2\/comments?post=3866"}],"version-history":[{"count":1,"href":"https:\/\/www.radiomais.ao\/index.php\/wp-json\/wp\/v2\/posts\/3866\/revisions"}],"predecessor-version":[{"id":3868,"href":"https:\/\/www.radiomais.ao\/index.php\/wp-json\/wp\/v2\/posts\/3866\/revisions\/3868"}],"wp:featuredmedia":[{"embeddable":true,"href":"https:\/\/www.radiomais.ao\/index.php\/wp-json\/wp\/v2\/media\/3867"}],"wp:attachment":[{"href":"https:\/\/www.radiomais.ao\/index.php\/wp-json\/wp\/v2\/media?parent=3866"}],"wp:term":[{"taxonomy":"category","embeddable":true,"href":"https:\/\/www.radiomais.ao\/index.php\/wp-json\/wp\/v2\/categories?post=3866"},{"taxonomy":"post_tag","embeddable":true,"href":"https:\/\/www.radiomais.ao\/index.php\/wp-json\/wp\/v2\/tags?post=3866"}],"curies":[{"name":"wp","href":"https:\/\/api.w.org\/{rel}","templated":true}]}}