{"id":3869,"date":"2026-01-08T09:42:47","date_gmt":"2026-01-08T08:42:47","guid":{"rendered":"https:\/\/www.radiomais.ao\/?p=3869"},"modified":"2026-01-08T09:42:47","modified_gmt":"2026-01-08T08:42:47","slug":"aborto-clandestino-em-benguela-termina-em-morte-e-leva-a-detencao-de-quatro-suspeitos","status":"publish","type":"post","link":"https:\/\/www.radiomais.ao\/index.php\/2026\/01\/08\/aborto-clandestino-em-benguela-termina-em-morte-e-leva-a-detencao-de-quatro-suspeitos\/","title":{"rendered":"Aborto clandestino em Benguela termina em morte e leva \u00e0 deten\u00e7\u00e3o de quatro suspeitos."},"content":{"rendered":"\n<p>O Servi\u00e7o de Investiga\u00e7\u00e3o Criminal (SIC) deteve, recentemente, na prov\u00edncia de Benguela, quatro cidad\u00e3os nacionais, com idades compreendidas entre os 23 e os 25 anos, envolvidos nos crimes de interrup\u00e7\u00e3o ilegal de gravidez, homic\u00eddio qualificado e exerc\u00edcio ilegal de profiss\u00e3o.<\/p>\n\n\n\n<p>De acordo com o SIC, o crime ocorreu no dia 30 de Dezembro de 2025, quando um cidad\u00e3o de 25 anos convenceu a sua namorada, de 26 anos, a interromper uma gravidez de aproximadamente sete meses.<\/p>\n\n\n\n<p>Para a concretiza\u00e7\u00e3o do acto, a v\u00edtima foi levada at\u00e9 \u00e0 resid\u00eancia de um suposto m\u00e9dico, localizada no bairro Calossombecua II, na companhia do namorado e de um comparsa, identificado como tio do principal implicado.<\/p>\n\n\n\n<p>Durante a interven\u00e7\u00e3o, realizada em condi\u00e7\u00f5es ilegais e sem os devidos cuidados m\u00e9dicos, a gestante sofreu complica\u00e7\u00f5es graves. A v\u00edtima n\u00e3o resistiu e acabou por falecer no dia 31 de Dezembro de 2025.<\/p>\n\n\n\n<p>Na tentativa de ocultar o crime, os suspeitos transportaram o corpo da jovem at\u00e9 uma barbearia abandonada, nas imedia\u00e7\u00f5es da Cer\u00e2mica, no bairro Caponte City, com o intuito de simular um alegado caso de agress\u00e3o sexual ocorrido na via p\u00fablica, na madrugada do dia 1 de Janeiro de 2026.<\/p>\n\n\n\n<p>Ap\u00f3s um trabalho minucioso de investiga\u00e7\u00e3o, o SIC conseguiu esclarecer os factos, culminando na deten\u00e7\u00e3o dos presum\u00edveis autores do crime. Durante a opera\u00e7\u00e3o, foram igualmente apreendidos v\u00e1rios utens\u00edlios de uso hospitalar, supostamente utilizados na realiza\u00e7\u00e3o do aborto clandestino.<\/p>\n\n\n\n<p>Os detidos encontram-se sob cust\u00f3dia das autoridades e dever\u00e3o ser presentes ao Minist\u00e9rio P\u00fablico para os devidos tr\u00e2mites legais.<\/p>\n","protected":false},"excerpt":{"rendered":"<p>O Servi\u00e7o de Investiga\u00e7\u00e3o Criminal (SIC) deteve, recentemente, na prov\u00edncia de Benguela, quatro cidad\u00e3os nacionais, com idades compreendidas entre os 23 e os 25 anos, envolvidos nos crimes de interrup\u00e7\u00e3o ilegal de gravidez, homic\u00eddio qualificado e exerc\u00edcio ilegal de profiss\u00e3o. De acordo com o SIC, o crime ocorreu no dia 30 de Dezembro de 2025, [&hellip;]<\/p>\n","protected":false},"author":3,"featured_media":3870,"comment_status":"open","ping_status":"open","sticky":false,"template":"","format":"standard","meta":{"footnotes":""},"categories":[16],"tags":[1584,95,1585],"class_list":["post-3869","post","type-post","status-publish","format-standard","has-post-thumbnail","hentry","category-actualidade","tag-aborto-clandestino","tag-benguela","tag-termina-em-morte"],"blocksy_meta":[],"_links":{"self":[{"href":"https:\/\/www.radiomais.ao\/index.php\/wp-json\/wp\/v2\/posts\/3869","targetHints":{"allow":["GET"]}}],"collection":[{"href":"https:\/\/www.radiomais.ao\/index.php\/wp-json\/wp\/v2\/posts"}],"about":[{"href":"https:\/\/www.radiomais.ao\/index.php\/wp-json\/wp\/v2\/types\/post"}],"author":[{"embeddable":true,"href":"https:\/\/www.radiomais.ao\/index.php\/wp-json\/wp\/v2\/users\/3"}],"replies":[{"embeddable":true,"href":"https:\/\/www.radiomais.ao\/index.php\/wp-json\/wp\/v2\/comments?post=3869"}],"version-history":[{"count":1,"href":"https:\/\/www.radiomais.ao\/index.php\/wp-json\/wp\/v2\/posts\/3869\/revisions"}],"predecessor-version":[{"id":3871,"href":"https:\/\/www.radiomais.ao\/index.php\/wp-json\/wp\/v2\/posts\/3869\/revisions\/3871"}],"wp:featuredmedia":[{"embeddable":true,"href":"https:\/\/www.radiomais.ao\/index.php\/wp-json\/wp\/v2\/media\/3870"}],"wp:attachment":[{"href":"https:\/\/www.radiomais.ao\/index.php\/wp-json\/wp\/v2\/media?parent=3869"}],"wp:term":[{"taxonomy":"category","embeddable":true,"href":"https:\/\/www.radiomais.ao\/index.php\/wp-json\/wp\/v2\/categories?post=3869"},{"taxonomy":"post_tag","embeddable":true,"href":"https:\/\/www.radiomais.ao\/index.php\/wp-json\/wp\/v2\/tags?post=3869"}],"curies":[{"name":"wp","href":"https:\/\/api.w.org\/{rel}","templated":true}]}}