{"id":3872,"date":"2026-01-08T10:21:14","date_gmt":"2026-01-08T09:21:14","guid":{"rendered":"https:\/\/www.radiomais.ao\/?p=3872"},"modified":"2026-01-08T10:21:56","modified_gmt":"2026-01-08T09:21:56","slug":"cuanza-norte-foi-acolhe-ato-central-do-dia-da-cultura","status":"publish","type":"post","link":"https:\/\/www.radiomais.ao\/index.php\/2026\/01\/08\/cuanza-norte-foi-acolhe-ato-central-do-dia-da-cultura\/","title":{"rendered":"Cuanza-Norte acolhe ato central do Dia da Cultura Angolana."},"content":{"rendered":"\n<p>Com o objectivo de refor\u00e7ar o resgate, a preserva\u00e7\u00e3o e a sustentabilidade da cultura nacional aliada \u00e0 produ\u00e7\u00e3o econ\u00f3mica, a prov\u00edncia do Cuanza -Norte foi escolhida para acolher o acto central das celebra\u00e7\u00f5es do Dia da Cultura.<\/p>\n\n\n\n<p>De acordo com o Director Nacional da Cultura, Pedro Tchissanga, as celebra\u00e7\u00f5es ter\u00e3o como eixo central a valoriza\u00e7\u00e3o da cultura como factor de desenvolvimento, com destaque para a dinamiza\u00e7\u00e3o da produ\u00e7\u00e3o econ\u00f3mica local e o resgate da hist\u00f3rica Feira do Dondo, considerada um importante patrim\u00f3nio sociocultural e comercial da regi\u00e3o.<\/p>\n\n\n<div \n    class=\"align wp-block-scb-sound-cloud\"    id=\"scbSoundCloud-1\"\n    data-attributes='{&quot;cId&quot;:&quot;bd69470e-3&quot;,&quot;tracks&quot;:[{&quot;url&quot;:&quot;https:\\\/\\\/soundcloud.com\\\/radio-mais-luanda\\\/dia-da-cultura?si=75977d14880f48e8941c7cc8a43b72c6&amp;utm_source=clipboard&amp;utm_medium=text&amp;utm_campaign=social_sharing&quot;,&quot;startTrack&quot;:0}],&quot;alignment&quot;:&quot;center&quot;,&quot;align&quot;:&quot;&quot;,&quot;options&quot;:{&quot;isAutoPlay&quot;:true,&quot;color&quot;:&quot;#f50&quot;,&quot;isBuying&quot;:true,&quot;isSharing&quot;:true,&quot;isDownload&quot;:true,&quot;isArtWork&quot;:true,&quot;isPlayCount&quot;:true,&quot;isUser&quot;:true,&quot;isSingleActive&quot;:true,&quot;isComments&quot;:true,&quot;isVisual&quot;:false,&quot;isTeaser&quot;:false,&quot;isHideRelated&quot;:false},&quot;iframeStyle&quot;:{&quot;width&quot;:&quot;100%&quot;,&quot;height&quot;:&quot;170px&quot;},&quot;frameBorder&quot;:{&quot;color&quot;:&quot;#000&quot;,&quot;style&quot;:&quot;solid&quot;,&quot;width&quot;:&quot;1px&quot;},&quot;frameBRadius&quot;:{&quot;top&quot;:&quot;3px&quot;,&quot;bottom&quot;:&quot;3px&quot;,&quot;left&quot;:&quot;3px&quot;,&quot;right&quot;:&quot;3px&quot;},&quot;frameBoxShadow&quot;:[]}'>\n<\/div>\n\n \n      ","protected":false},"excerpt":{"rendered":"<p>Com o objectivo de refor\u00e7ar o resgate, a preserva\u00e7\u00e3o e a sustentabilidade da cultura nacional aliada \u00e0 produ\u00e7\u00e3o econ\u00f3mica, a prov\u00edncia do Cuanza -Norte foi escolhida para acolher o acto central das celebra\u00e7\u00f5es do Dia da Cultura. De acordo com o Director Nacional da Cultura, Pedro Tchissanga, as celebra\u00e7\u00f5es ter\u00e3o como eixo central a valoriza\u00e7\u00e3o [&hellip;]<\/p>\n","protected":false},"author":3,"featured_media":3873,"comment_status":"open","ping_status":"open","sticky":false,"template":"","format":"standard","meta":{"footnotes":""},"categories":[16],"tags":[1586],"class_list":["post-3872","post","type-post","status-publish","format-standard","has-post-thumbnail","hentry","category-actualidade","tag-dia-da-cultura"],"blocksy_meta":[],"_links":{"self":[{"href":"https:\/\/www.radiomais.ao\/index.php\/wp-json\/wp\/v2\/posts\/3872","targetHints":{"allow":["GET"]}}],"collection":[{"href":"https:\/\/www.radiomais.ao\/index.php\/wp-json\/wp\/v2\/posts"}],"about":[{"href":"https:\/\/www.radiomais.ao\/index.php\/wp-json\/wp\/v2\/types\/post"}],"author":[{"embeddable":true,"href":"https:\/\/www.radiomais.ao\/index.php\/wp-json\/wp\/v2\/users\/3"}],"replies":[{"embeddable":true,"href":"https:\/\/www.radiomais.ao\/index.php\/wp-json\/wp\/v2\/comments?post=3872"}],"version-history":[{"count":2,"href":"https:\/\/www.radiomais.ao\/index.php\/wp-json\/wp\/v2\/posts\/3872\/revisions"}],"predecessor-version":[{"id":3875,"href":"https:\/\/www.radiomais.ao\/index.php\/wp-json\/wp\/v2\/posts\/3872\/revisions\/3875"}],"wp:featuredmedia":[{"embeddable":true,"href":"https:\/\/www.radiomais.ao\/index.php\/wp-json\/wp\/v2\/media\/3873"}],"wp:attachment":[{"href":"https:\/\/www.radiomais.ao\/index.php\/wp-json\/wp\/v2\/media?parent=3872"}],"wp:term":[{"taxonomy":"category","embeddable":true,"href":"https:\/\/www.radiomais.ao\/index.php\/wp-json\/wp\/v2\/categories?post=3872"},{"taxonomy":"post_tag","embeddable":true,"href":"https:\/\/www.radiomais.ao\/index.php\/wp-json\/wp\/v2\/tags?post=3872"}],"curies":[{"name":"wp","href":"https:\/\/api.w.org\/{rel}","templated":true}]}}