{"id":3877,"date":"2026-01-08T10:34:27","date_gmt":"2026-01-08T09:34:27","guid":{"rendered":"https:\/\/www.radiomais.ao\/?p=3877"},"modified":"2026-01-08T10:34:27","modified_gmt":"2026-01-08T09:34:27","slug":"oge-2026-e-considerado-decisivo-para-o-futuro-politico-do-executivo-liderado-pelo-mpla","status":"publish","type":"post","link":"https:\/\/www.radiomais.ao\/index.php\/2026\/01\/08\/oge-2026-e-considerado-decisivo-para-o-futuro-politico-do-executivo-liderado-pelo-mpla\/","title":{"rendered":"OGE 2026 \u00e9 considerado decisivo para o futuro pol\u00edtico do Executivo liderado pelo MPLA."},"content":{"rendered":"\n<p>O Or\u00e7amento Geral do Estado para o exerc\u00edcio econ\u00f3mico de 2026 \u00e9 considerado decisivo para o futuro pol\u00edtico do Executivo liderado pelo MPLA.<\/p>\n\n\n\n<p>O consultor e analista pol\u00edtico, Valter Ferreira defende que este ser\u00e1 o \u00faltimo or\u00e7amento com impacto eleitoral directo e que o seu sucesso depender\u00e1 da capacidade de execu\u00e7\u00e3o, transpar\u00eancia e resultados concretos na vida das fam\u00edlias e das empresas.<\/p>\n\n\n<div \n    class=\"align wp-block-scb-sound-cloud\"    id=\"scbSoundCloud-1\"\n    data-attributes='{&quot;cId&quot;:&quot;4196a499-c&quot;,&quot;tracks&quot;:[{&quot;url&quot;:&quot;https:\\\/\\\/soundcloud.com\\\/radio-mais-luanda\\\/orcamento-geral-do-estado-para-o-exercicio-economico-de-2026?si=a9bc9dc03a9f4407b788d9953a56faa5&amp;utm_source=clipboard&amp;utm_medium=text&amp;utm_campaign=social_sharing&quot;,&quot;startTrack&quot;:0}],&quot;alignment&quot;:&quot;center&quot;,&quot;align&quot;:&quot;&quot;,&quot;options&quot;:{&quot;isAutoPlay&quot;:true,&quot;color&quot;:&quot;#f50&quot;,&quot;isBuying&quot;:true,&quot;isSharing&quot;:true,&quot;isDownload&quot;:true,&quot;isArtWork&quot;:true,&quot;isPlayCount&quot;:true,&quot;isUser&quot;:true,&quot;isSingleActive&quot;:true,&quot;isComments&quot;:true,&quot;isVisual&quot;:false,&quot;isTeaser&quot;:false,&quot;isHideRelated&quot;:false},&quot;iframeStyle&quot;:{&quot;width&quot;:&quot;100%&quot;,&quot;height&quot;:&quot;170px&quot;},&quot;frameBorder&quot;:{&quot;color&quot;:&quot;#000&quot;,&quot;style&quot;:&quot;solid&quot;,&quot;width&quot;:&quot;1px&quot;},&quot;frameBRadius&quot;:{&quot;top&quot;:&quot;3px&quot;,&quot;bottom&quot;:&quot;3px&quot;,&quot;left&quot;:&quot;3px&quot;,&quot;right&quot;:&quot;3px&quot;},&quot;frameBoxShadow&quot;:[]}'>\n<\/div>\n\n \n      ","protected":false},"excerpt":{"rendered":"<p>O Or\u00e7amento Geral do Estado para o exerc\u00edcio econ\u00f3mico de 2026 \u00e9 considerado decisivo para o futuro pol\u00edtico do Executivo liderado pelo MPLA. O consultor e analista pol\u00edtico, Valter Ferreira defende que este ser\u00e1 o \u00faltimo or\u00e7amento com impacto eleitoral directo e que o seu sucesso depender\u00e1 da capacidade de execu\u00e7\u00e3o, transpar\u00eancia e resultados concretos [&hellip;]<\/p>\n","protected":false},"author":3,"featured_media":3878,"comment_status":"open","ping_status":"open","sticky":false,"template":"","format":"standard","meta":{"footnotes":""},"categories":[16],"tags":[1118],"class_list":["post-3877","post","type-post","status-publish","format-standard","has-post-thumbnail","hentry","category-actualidade","tag-oge-2026"],"blocksy_meta":[],"_links":{"self":[{"href":"https:\/\/www.radiomais.ao\/index.php\/wp-json\/wp\/v2\/posts\/3877","targetHints":{"allow":["GET"]}}],"collection":[{"href":"https:\/\/www.radiomais.ao\/index.php\/wp-json\/wp\/v2\/posts"}],"about":[{"href":"https:\/\/www.radiomais.ao\/index.php\/wp-json\/wp\/v2\/types\/post"}],"author":[{"embeddable":true,"href":"https:\/\/www.radiomais.ao\/index.php\/wp-json\/wp\/v2\/users\/3"}],"replies":[{"embeddable":true,"href":"https:\/\/www.radiomais.ao\/index.php\/wp-json\/wp\/v2\/comments?post=3877"}],"version-history":[{"count":1,"href":"https:\/\/www.radiomais.ao\/index.php\/wp-json\/wp\/v2\/posts\/3877\/revisions"}],"predecessor-version":[{"id":3879,"href":"https:\/\/www.radiomais.ao\/index.php\/wp-json\/wp\/v2\/posts\/3877\/revisions\/3879"}],"wp:featuredmedia":[{"embeddable":true,"href":"https:\/\/www.radiomais.ao\/index.php\/wp-json\/wp\/v2\/media\/3878"}],"wp:attachment":[{"href":"https:\/\/www.radiomais.ao\/index.php\/wp-json\/wp\/v2\/media?parent=3877"}],"wp:term":[{"taxonomy":"category","embeddable":true,"href":"https:\/\/www.radiomais.ao\/index.php\/wp-json\/wp\/v2\/categories?post=3877"},{"taxonomy":"post_tag","embeddable":true,"href":"https:\/\/www.radiomais.ao\/index.php\/wp-json\/wp\/v2\/tags?post=3877"}],"curies":[{"name":"wp","href":"https:\/\/api.w.org\/{rel}","templated":true}]}}