{"id":3880,"date":"2026-01-08T10:42:19","date_gmt":"2026-01-08T09:42:19","guid":{"rendered":"https:\/\/www.radiomais.ao\/?p=3880"},"modified":"2026-01-08T10:42:19","modified_gmt":"2026-01-08T09:42:19","slug":"angola-assinala-o-dia-da-cultura-nacional-num-tempo-de-contradicoes-profundas","status":"publish","type":"post","link":"https:\/\/www.radiomais.ao\/index.php\/2026\/01\/08\/angola-assinala-o-dia-da-cultura-nacional-num-tempo-de-contradicoes-profundas\/","title":{"rendered":"Angola assinala o Dia da Cultura Nacional num tempo de contradi\u00e7\u00f5es profundas."},"content":{"rendered":"\n<p>Nunca houve tanta circula\u00e7\u00e3o de refer\u00eancias globais, nunca houve tanto acesso \u00e0 informa\u00e7\u00e3o, mas tamb\u00e9m nunca foi t\u00e3o evidente a fragilidade da liga\u00e7\u00e3o \u00e0s ra\u00edzes culturais. Entre tradi\u00e7\u00e3o, modernidade, religi\u00e3o e globaliza\u00e7\u00e3o, cresce um conflito silencioso que atravessa fam\u00edlias, escolas, igrejas e institui\u00e7\u00f5es do Estado.<\/p>\n\n\n\n<p>Na cria\u00e7\u00e3o art\u00edstica contempor\u00e2nea, essa tens\u00e3o \u00e9 vis\u00edvel. A artista Edna Mateia afirma que a ancestralidade n\u00e3o pode ser tratada como ornamento cultural nem como figurino de ocasi\u00e3o. Para ela, a cultura ancestral \u00e9 mat\u00e9ria viva, presente no corpo, na linguagem est\u00e9tica e na forma de estar no mundo.<\/p>\n\n\n<div \n    class=\"align wp-block-scb-sound-cloud\"    id=\"scbSoundCloud-1\"\n    data-attributes='{&quot;cId&quot;:&quot;9cff3c85-1&quot;,&quot;tracks&quot;:[{&quot;url&quot;:&quot;https:\\\/\\\/soundcloud.com\\\/radio-mais-luanda\\\/o-dia-da-cultura-nacional-2?si=ee749e1c00d84ac492283c4268b555a5&amp;utm_source=clipboard&amp;utm_medium=text&amp;utm_campaign=social_sharing&quot;,&quot;startTrack&quot;:0}],&quot;alignment&quot;:&quot;center&quot;,&quot;align&quot;:&quot;&quot;,&quot;options&quot;:{&quot;isAutoPlay&quot;:true,&quot;color&quot;:&quot;#f50&quot;,&quot;isBuying&quot;:true,&quot;isSharing&quot;:true,&quot;isDownload&quot;:true,&quot;isArtWork&quot;:true,&quot;isPlayCount&quot;:true,&quot;isUser&quot;:true,&quot;isSingleActive&quot;:true,&quot;isComments&quot;:true,&quot;isVisual&quot;:false,&quot;isTeaser&quot;:false,&quot;isHideRelated&quot;:false},&quot;iframeStyle&quot;:{&quot;width&quot;:&quot;100%&quot;,&quot;height&quot;:&quot;170px&quot;},&quot;frameBorder&quot;:{&quot;color&quot;:&quot;#000&quot;,&quot;style&quot;:&quot;solid&quot;,&quot;width&quot;:&quot;1px&quot;},&quot;frameBRadius&quot;:{&quot;top&quot;:&quot;3px&quot;,&quot;bottom&quot;:&quot;3px&quot;,&quot;left&quot;:&quot;3px&quot;,&quot;right&quot;:&quot;3px&quot;},&quot;frameBoxShadow&quot;:[]}'>\n<\/div>\n\n \n      ","protected":false},"excerpt":{"rendered":"<p>Nunca houve tanta circula\u00e7\u00e3o de refer\u00eancias globais, nunca houve tanto acesso \u00e0 informa\u00e7\u00e3o, mas tamb\u00e9m nunca foi t\u00e3o evidente a fragilidade da liga\u00e7\u00e3o \u00e0s ra\u00edzes culturais. Entre tradi\u00e7\u00e3o, modernidade, religi\u00e3o e globaliza\u00e7\u00e3o, cresce um conflito silencioso que atravessa fam\u00edlias, escolas, igrejas e institui\u00e7\u00f5es do Estado. Na cria\u00e7\u00e3o art\u00edstica contempor\u00e2nea, essa tens\u00e3o \u00e9 vis\u00edvel. A artista [&hellip;]<\/p>\n","protected":false},"author":3,"featured_media":3881,"comment_status":"open","ping_status":"open","sticky":false,"template":"","format":"standard","meta":{"footnotes":""},"categories":[16],"tags":[1587],"class_list":["post-3880","post","type-post","status-publish","format-standard","has-post-thumbnail","hentry","category-actualidade","tag-o-dia-da-cultura-nacional"],"blocksy_meta":[],"_links":{"self":[{"href":"https:\/\/www.radiomais.ao\/index.php\/wp-json\/wp\/v2\/posts\/3880","targetHints":{"allow":["GET"]}}],"collection":[{"href":"https:\/\/www.radiomais.ao\/index.php\/wp-json\/wp\/v2\/posts"}],"about":[{"href":"https:\/\/www.radiomais.ao\/index.php\/wp-json\/wp\/v2\/types\/post"}],"author":[{"embeddable":true,"href":"https:\/\/www.radiomais.ao\/index.php\/wp-json\/wp\/v2\/users\/3"}],"replies":[{"embeddable":true,"href":"https:\/\/www.radiomais.ao\/index.php\/wp-json\/wp\/v2\/comments?post=3880"}],"version-history":[{"count":1,"href":"https:\/\/www.radiomais.ao\/index.php\/wp-json\/wp\/v2\/posts\/3880\/revisions"}],"predecessor-version":[{"id":3882,"href":"https:\/\/www.radiomais.ao\/index.php\/wp-json\/wp\/v2\/posts\/3880\/revisions\/3882"}],"wp:featuredmedia":[{"embeddable":true,"href":"https:\/\/www.radiomais.ao\/index.php\/wp-json\/wp\/v2\/media\/3881"}],"wp:attachment":[{"href":"https:\/\/www.radiomais.ao\/index.php\/wp-json\/wp\/v2\/media?parent=3880"}],"wp:term":[{"taxonomy":"category","embeddable":true,"href":"https:\/\/www.radiomais.ao\/index.php\/wp-json\/wp\/v2\/categories?post=3880"},{"taxonomy":"post_tag","embeddable":true,"href":"https:\/\/www.radiomais.ao\/index.php\/wp-json\/wp\/v2\/tags?post=3880"}],"curies":[{"name":"wp","href":"https:\/\/api.w.org\/{rel}","templated":true}]}}