{"id":3887,"date":"2026-01-08T14:28:33","date_gmt":"2026-01-08T13:28:33","guid":{"rendered":"https:\/\/www.radiomais.ao\/?p=3887"},"modified":"2026-01-08T14:28:33","modified_gmt":"2026-01-08T13:28:33","slug":"a-falta-de-b-i-tem-sido-um-dos-principais-obstaculos-a-insercao-de-criancas-no-sistema-de-ensino","status":"publish","type":"post","link":"https:\/\/www.radiomais.ao\/index.php\/2026\/01\/08\/a-falta-de-b-i-tem-sido-um-dos-principais-obstaculos-a-insercao-de-criancas-no-sistema-de-ensino\/","title":{"rendered":"A falta de B.I tem sido um dos principais obst\u00e1culos \u00e0 inser\u00e7\u00e3o de crian\u00e7as no sistema de ensino."},"content":{"rendered":"\n<p>A falta de Bilhete de identidade tem sido um dos principais obst\u00e1culos \u00e0 inser\u00e7\u00e3o de crian\u00e7as no sistema de ensino no munic\u00edpio de Belas, segundo o diretor municipal dos Registos e Moderniza\u00e7\u00e3o Administrativa do Paulo Macola.<\/p>\n\n\n<div \n    class=\"align wp-block-scb-sound-cloud\"    id=\"scbSoundCloud-1\"\n    data-attributes='{&quot;cId&quot;:&quot;e5c72d9e-c&quot;,&quot;tracks&quot;:[{&quot;url&quot;:&quot;https:\\\/\\\/soundcloud.com\\\/radio-mais-luanda\\\/criancas-fora-do-ensino-por-falta-de-bi?si=1ad5643457b54dc0aeda90bb84430f49&amp;utm_source=clipboard&amp;utm_medium=text&amp;utm_campaign=social_sharing&quot;,&quot;startTrack&quot;:0}],&quot;alignment&quot;:&quot;center&quot;,&quot;align&quot;:&quot;&quot;,&quot;options&quot;:{&quot;isAutoPlay&quot;:true,&quot;color&quot;:&quot;#f50&quot;,&quot;isBuying&quot;:true,&quot;isSharing&quot;:true,&quot;isDownload&quot;:true,&quot;isArtWork&quot;:true,&quot;isPlayCount&quot;:true,&quot;isUser&quot;:true,&quot;isSingleActive&quot;:true,&quot;isComments&quot;:true,&quot;isVisual&quot;:false,&quot;isTeaser&quot;:false,&quot;isHideRelated&quot;:false},&quot;iframeStyle&quot;:{&quot;width&quot;:&quot;100%&quot;,&quot;height&quot;:&quot;170px&quot;},&quot;frameBorder&quot;:{&quot;color&quot;:&quot;#000&quot;,&quot;style&quot;:&quot;solid&quot;,&quot;width&quot;:&quot;1px&quot;},&quot;frameBRadius&quot;:{&quot;top&quot;:&quot;3px&quot;,&quot;bottom&quot;:&quot;3px&quot;,&quot;left&quot;:&quot;3px&quot;,&quot;right&quot;:&quot;3px&quot;},&quot;frameBoxShadow&quot;:[]}'>\n<\/div>\n\n \n      \n\n\n<p>Para colmatar a situa\u00e7\u00e3o, arrancou hoje, uma campanha de emiss\u00e3o de BI com dura\u00e7\u00e3o de tr\u00eas dias naquela circunscri\u00e7\u00e3o, que pretende atingir mais de 900 crian\u00e7as, com idades entre 0 e 13 anos.<\/p>\n","protected":false},"excerpt":{"rendered":"<p>A falta de Bilhete de identidade tem sido um dos principais obst\u00e1culos \u00e0 inser\u00e7\u00e3o de crian\u00e7as no sistema de ensino no munic\u00edpio de Belas, segundo o diretor municipal dos Registos e Moderniza\u00e7\u00e3o Administrativa do Paulo Macola. Para colmatar a situa\u00e7\u00e3o, arrancou hoje, uma campanha de emiss\u00e3o de BI com dura\u00e7\u00e3o de tr\u00eas dias naquela circunscri\u00e7\u00e3o, [&hellip;]<\/p>\n","protected":false},"author":3,"featured_media":3888,"comment_status":"open","ping_status":"open","sticky":false,"template":"","format":"standard","meta":{"footnotes":""},"categories":[16],"tags":[1129,1590],"class_list":["post-3887","post","type-post","status-publish","format-standard","has-post-thumbnail","hentry","category-actualidade","tag-bi","tag-criancas-fora-do-esnino"],"blocksy_meta":[],"_links":{"self":[{"href":"https:\/\/www.radiomais.ao\/index.php\/wp-json\/wp\/v2\/posts\/3887","targetHints":{"allow":["GET"]}}],"collection":[{"href":"https:\/\/www.radiomais.ao\/index.php\/wp-json\/wp\/v2\/posts"}],"about":[{"href":"https:\/\/www.radiomais.ao\/index.php\/wp-json\/wp\/v2\/types\/post"}],"author":[{"embeddable":true,"href":"https:\/\/www.radiomais.ao\/index.php\/wp-json\/wp\/v2\/users\/3"}],"replies":[{"embeddable":true,"href":"https:\/\/www.radiomais.ao\/index.php\/wp-json\/wp\/v2\/comments?post=3887"}],"version-history":[{"count":1,"href":"https:\/\/www.radiomais.ao\/index.php\/wp-json\/wp\/v2\/posts\/3887\/revisions"}],"predecessor-version":[{"id":3889,"href":"https:\/\/www.radiomais.ao\/index.php\/wp-json\/wp\/v2\/posts\/3887\/revisions\/3889"}],"wp:featuredmedia":[{"embeddable":true,"href":"https:\/\/www.radiomais.ao\/index.php\/wp-json\/wp\/v2\/media\/3888"}],"wp:attachment":[{"href":"https:\/\/www.radiomais.ao\/index.php\/wp-json\/wp\/v2\/media?parent=3887"}],"wp:term":[{"taxonomy":"category","embeddable":true,"href":"https:\/\/www.radiomais.ao\/index.php\/wp-json\/wp\/v2\/categories?post=3887"},{"taxonomy":"post_tag","embeddable":true,"href":"https:\/\/www.radiomais.ao\/index.php\/wp-json\/wp\/v2\/tags?post=3887"}],"curies":[{"name":"wp","href":"https:\/\/api.w.org\/{rel}","templated":true}]}}