{"id":3890,"date":"2026-01-08T14:38:41","date_gmt":"2026-01-08T13:38:41","guid":{"rendered":"https:\/\/www.radiomais.ao\/?p=3890"},"modified":"2026-01-08T14:38:41","modified_gmt":"2026-01-08T13:38:41","slug":"tshisekedi-regressa-a-luanda-em-menos-de-72-horas","status":"publish","type":"post","link":"https:\/\/www.radiomais.ao\/index.php\/2026\/01\/08\/tshisekedi-regressa-a-luanda-em-menos-de-72-horas\/","title":{"rendered":"Tshisekedi regressa a Luanda em menos de 72 horas ."},"content":{"rendered":"\n<p>Felix Tshissekedi volta a ser recebido hoje, em Luanda, &nbsp;pelo Chefe de Estado Jo\u00e3o Louren\u00e7o, 3 dias ap\u00f3s do \u00faltimo encontro, no pal\u00e1cio da cidade alta.<\/p>\n\n\n\n<p>A tens\u00e3o que reacendeu no Leste da RDC, \u00e9 um dos acentos t\u00f3nicos desta segunda reuni\u00e3o de trabalho, entre os dois estadistas.<\/p>\n\n\n\n<p>Real\u00e7ar que no \u00faltimo encontro que decorreu esta segunda-feira, o Presidente da Rep\u00fablica e da Uni\u00e3o Africana, Jo\u00e3o Louren\u00e7o defendeu a implanta\u00e7\u00e3o de Novas propostas de solu\u00e7\u00e3o para a paz no Leste da Rep\u00fablica Democr\u00e1tica do Congo.<\/p>\n\n\n<div \n    class=\"align wp-block-scb-sound-cloud\"    id=\"scbSoundCloud-1\"\n    data-attributes='{&quot;cId&quot;:&quot;946d2b95-c&quot;,&quot;tracks&quot;:[{&quot;url&quot;:&quot;https:\\\/\\\/soundcloud.com\\\/radio-mais-luanda\\\/tshisekedi-regressa-a-luanda-em-menos-de-72-horas?si=f12c523cf07541eb828f985fb69ba51a&amp;utm_source=clipboard&amp;utm_medium=text&amp;utm_campaign=social_sharing&quot;,&quot;startTrack&quot;:0}],&quot;alignment&quot;:&quot;center&quot;,&quot;align&quot;:&quot;&quot;,&quot;options&quot;:{&quot;isAutoPlay&quot;:true,&quot;color&quot;:&quot;#f50&quot;,&quot;isBuying&quot;:true,&quot;isSharing&quot;:true,&quot;isDownload&quot;:true,&quot;isArtWork&quot;:true,&quot;isPlayCount&quot;:true,&quot;isUser&quot;:true,&quot;isSingleActive&quot;:true,&quot;isComments&quot;:true,&quot;isVisual&quot;:false,&quot;isTeaser&quot;:false,&quot;isHideRelated&quot;:false},&quot;iframeStyle&quot;:{&quot;width&quot;:&quot;100%&quot;,&quot;height&quot;:&quot;170px&quot;},&quot;frameBorder&quot;:{&quot;color&quot;:&quot;#000&quot;,&quot;style&quot;:&quot;solid&quot;,&quot;width&quot;:&quot;1px&quot;},&quot;frameBRadius&quot;:{&quot;top&quot;:&quot;3px&quot;,&quot;bottom&quot;:&quot;3px&quot;,&quot;left&quot;:&quot;3px&quot;,&quot;right&quot;:&quot;3px&quot;},&quot;frameBoxShadow&quot;:[]}'>\n<\/div>\n\n \n      ","protected":false},"excerpt":{"rendered":"<p>Felix Tshissekedi volta a ser recebido hoje, em Luanda, &nbsp;pelo Chefe de Estado Jo\u00e3o Louren\u00e7o, 3 dias ap\u00f3s do \u00faltimo encontro, no pal\u00e1cio da cidade alta. A tens\u00e3o que reacendeu no Leste da RDC, \u00e9 um dos acentos t\u00f3nicos desta segunda reuni\u00e3o de trabalho, entre os dois estadistas. Real\u00e7ar que no \u00faltimo encontro que decorreu [&hellip;]<\/p>\n","protected":false},"author":3,"featured_media":3891,"comment_status":"open","ping_status":"open","sticky":false,"template":"","format":"standard","meta":{"footnotes":""},"categories":[16],"tags":[1591],"class_list":["post-3890","post","type-post","status-publish","format-standard","has-post-thumbnail","hentry","category-actualidade","tag-tshisekedi-regressa-a-luanda"],"blocksy_meta":[],"_links":{"self":[{"href":"https:\/\/www.radiomais.ao\/index.php\/wp-json\/wp\/v2\/posts\/3890","targetHints":{"allow":["GET"]}}],"collection":[{"href":"https:\/\/www.radiomais.ao\/index.php\/wp-json\/wp\/v2\/posts"}],"about":[{"href":"https:\/\/www.radiomais.ao\/index.php\/wp-json\/wp\/v2\/types\/post"}],"author":[{"embeddable":true,"href":"https:\/\/www.radiomais.ao\/index.php\/wp-json\/wp\/v2\/users\/3"}],"replies":[{"embeddable":true,"href":"https:\/\/www.radiomais.ao\/index.php\/wp-json\/wp\/v2\/comments?post=3890"}],"version-history":[{"count":1,"href":"https:\/\/www.radiomais.ao\/index.php\/wp-json\/wp\/v2\/posts\/3890\/revisions"}],"predecessor-version":[{"id":3892,"href":"https:\/\/www.radiomais.ao\/index.php\/wp-json\/wp\/v2\/posts\/3890\/revisions\/3892"}],"wp:featuredmedia":[{"embeddable":true,"href":"https:\/\/www.radiomais.ao\/index.php\/wp-json\/wp\/v2\/media\/3891"}],"wp:attachment":[{"href":"https:\/\/www.radiomais.ao\/index.php\/wp-json\/wp\/v2\/media?parent=3890"}],"wp:term":[{"taxonomy":"category","embeddable":true,"href":"https:\/\/www.radiomais.ao\/index.php\/wp-json\/wp\/v2\/categories?post=3890"},{"taxonomy":"post_tag","embeddable":true,"href":"https:\/\/www.radiomais.ao\/index.php\/wp-json\/wp\/v2\/tags?post=3890"}],"curies":[{"name":"wp","href":"https:\/\/api.w.org\/{rel}","templated":true}]}}