{"id":3896,"date":"2026-01-09T08:25:30","date_gmt":"2026-01-09T07:25:30","guid":{"rendered":"https:\/\/www.radiomais.ao\/?p=3896"},"modified":"2026-01-09T08:25:30","modified_gmt":"2026-01-09T07:25:30","slug":"auzilio-jacob-nos-definimos-o-piac-como-o-nosso-programa-nacional-de-desenvolvimento-num-contexto-mais-pequenino","status":"publish","type":"post","link":"https:\/\/www.radiomais.ao\/index.php\/2026\/01\/09\/auzilio-jacob-nos-definimos-o-piac-como-o-nosso-programa-nacional-de-desenvolvimento-num-contexto-mais-pequenino\/","title":{"rendered":"Auz\u00edlio Jacob: &#8220;N\u00f3s definimos o PIAC como o nosso Programa Nacional de Desenvolvimento num contexto mais pequenino&#8221;."},"content":{"rendered":"\n<p><strong>H\u00e1 um ano que Auz\u00edlio Jacob, ent\u00e3o administrador de Cacuaco, recebeu a miss\u00e3o de dirigir a nova prov\u00edncia de Icolo e Bengo, uma das novas criadas no \u00e2mbito da Nova Divis\u00e3o Pol\u00edtico-Administrativa. Com fronteiras com o Bengo, Cuanza-Norte, Cuanza-Sul e Luanda, a capital do pa\u00eds, o governador garante que, neste per\u00edodo de tempo, foram feitos in\u00fameros investimentos que demonstram o avan\u00e7o socioecon\u00f3mico, atrav\u00e9s do Programa Integrado de Assist\u00eancia Comunit\u00e1ria (PIAC), que fazem da cria\u00e7\u00e3o desta circunscri\u00e7\u00e3o pelo Titular do Poder Executivo uma aposta ganha<\/strong>. Fonte <strong><em><a href=\"https:\/\/www.opais.ao\/entrevista\/auzilio-jacobnos-definimos-o-piac-como-o-nosso-programa-nacional-de-desenvolvimento-num-contexto-mais-pequenino\/\">Opa\u00eds<\/a><\/em><\/strong><\/p>\n\n\n\n<p><\/p>\n","protected":false},"excerpt":{"rendered":"<p>H\u00e1 um ano que Auz\u00edlio Jacob, ent\u00e3o administrador de Cacuaco, recebeu a miss\u00e3o de dirigir a nova prov\u00edncia de Icolo e Bengo, uma das novas criadas no \u00e2mbito da Nova Divis\u00e3o Pol\u00edtico-Administrativa. Com fronteiras com o Bengo, Cuanza-Norte, Cuanza-Sul e Luanda, a capital do pa\u00eds, o governador garante que, neste per\u00edodo de tempo, foram feitos [&hellip;]<\/p>\n","protected":false},"author":3,"featured_media":3897,"comment_status":"open","ping_status":"open","sticky":false,"template":"","format":"standard","meta":{"footnotes":""},"categories":[16],"tags":[1592,1593],"class_list":["post-3896","post","type-post","status-publish","format-standard","has-post-thumbnail","hentry","category-actualidade","tag-auzilio-jacob","tag-programa-nacional-de-desenvolvimento"],"blocksy_meta":[],"_links":{"self":[{"href":"https:\/\/www.radiomais.ao\/index.php\/wp-json\/wp\/v2\/posts\/3896","targetHints":{"allow":["GET"]}}],"collection":[{"href":"https:\/\/www.radiomais.ao\/index.php\/wp-json\/wp\/v2\/posts"}],"about":[{"href":"https:\/\/www.radiomais.ao\/index.php\/wp-json\/wp\/v2\/types\/post"}],"author":[{"embeddable":true,"href":"https:\/\/www.radiomais.ao\/index.php\/wp-json\/wp\/v2\/users\/3"}],"replies":[{"embeddable":true,"href":"https:\/\/www.radiomais.ao\/index.php\/wp-json\/wp\/v2\/comments?post=3896"}],"version-history":[{"count":1,"href":"https:\/\/www.radiomais.ao\/index.php\/wp-json\/wp\/v2\/posts\/3896\/revisions"}],"predecessor-version":[{"id":3898,"href":"https:\/\/www.radiomais.ao\/index.php\/wp-json\/wp\/v2\/posts\/3896\/revisions\/3898"}],"wp:featuredmedia":[{"embeddable":true,"href":"https:\/\/www.radiomais.ao\/index.php\/wp-json\/wp\/v2\/media\/3897"}],"wp:attachment":[{"href":"https:\/\/www.radiomais.ao\/index.php\/wp-json\/wp\/v2\/media?parent=3896"}],"wp:term":[{"taxonomy":"category","embeddable":true,"href":"https:\/\/www.radiomais.ao\/index.php\/wp-json\/wp\/v2\/categories?post=3896"},{"taxonomy":"post_tag","embeddable":true,"href":"https:\/\/www.radiomais.ao\/index.php\/wp-json\/wp\/v2\/tags?post=3896"}],"curies":[{"name":"wp","href":"https:\/\/api.w.org\/{rel}","templated":true}]}}