{"id":3906,"date":"2026-01-09T08:37:20","date_gmt":"2026-01-09T07:37:20","guid":{"rendered":"https:\/\/www.radiomais.ao\/?p=3906"},"modified":"2026-01-09T08:37:20","modified_gmt":"2026-01-09T07:37:20","slug":"cidadaos-fogem-do-divorcio-por-suposto-custo-elevado-do-processo","status":"publish","type":"post","link":"https:\/\/www.radiomais.ao\/index.php\/2026\/01\/09\/cidadaos-fogem-do-divorcio-por-suposto-custo-elevado-do-processo\/","title":{"rendered":"Cidad\u00e3os \u201cfogem\u201d do div\u00f3rcio por suposto custo elevado do processo."},"content":{"rendered":"\n<p><strong>Apesar de ser, para muitos, uma das maiores concretiza\u00e7\u00f5es da vida, o casamento nem sempre corre como esperado e, quando assim acontece, os c\u00f4njuges v\u00eaem-se obrigados a separar os caminhos e as vidas, recorrendo, assim, aos tr\u00e2mites legais, por meio do div\u00f3rcio. No entanto, tal processo carrega consigo etapas que, para muitos, n\u00e3o s\u00e3o das mais f\u00e1ceis, chegando, inclusive, a mencionarem o disp\u00eandio como uma das raz\u00f5es para parar pelo caminho<\/strong>.Achar os cidad\u00e3os a viver este dilema e convenc\u00ea-los a falar sobre tal situa\u00e7\u00e3o mostraram-se verdadeiros dilemas na busca do jornal OPA\u00cdS por entender e querer ouvir dos (ex-)casais a realidade do processo; ali\u00e1s, quando contactados por n\u00f3s, mostraram-se receosos em contar como ter\u00e1 sido o processo de div\u00f3rcio (ou at\u00e9 mesmo os antecedentes a isto), mesmo com a garantia de que n\u00e3o seriam identificados por uma quest\u00e3o de respeito.<\/p>\n\n\n\n<p>Ainda assim, Jane (nome fict\u00edcio que vamos preferir usar para identificar a nossa entrevistada) acabou por entender e abrir-se, ainda que, de forma muito dif\u00edcil, tivesse de voltar a pensar num epis\u00f3dio que um dia j\u00e1 lhe causou dor. A jovem, cuja idade tamb\u00e9m n\u00e3o ser\u00e1 revelada nesta narrativa, ficou casada durante tr\u00eas anos e, como em todo o relacionamento, \u201ca conviv\u00eancia era feita com muito amor, com carinho, zelo, dedica\u00e7\u00e3o e determina\u00e7\u00e3o\u201d.<\/p>\n\n\n\n<p>E n\u00e3o s\u00f3, havia, como disse, muitos planos, sonhos e muitos objetivos por se alcan\u00e7ar. A vida de Jane tinha sido transformada em todos os aspectos, desde o facto de passar a residir com o esposo e ainda ao de estar identificada como \u201ccasada\u201d, ao inv\u00e9s do que estava estampado no Bilhete de Identidade e noutros documentos antes de se unir \u201cna alegria e na tristeza, na sa\u00fade e na doen\u00e7a\u201d com o ex-esposo. Ler mais em <strong><em><a href=\"https:\/\/www.opais.ao\/sociedade\/cidadaos-fogem-do-divorcio-por-suposto-custo-elevado-do-processo\/\">Opa\u00eds<\/a><\/em><\/strong><\/p>\n","protected":false},"excerpt":{"rendered":"<p>Apesar de ser, para muitos, uma das maiores concretiza\u00e7\u00f5es da vida, o casamento nem sempre corre como esperado e, quando assim acontece, os c\u00f4njuges v\u00eaem-se obrigados a separar os caminhos e as vidas, recorrendo, assim, aos tr\u00e2mites legais, por meio do div\u00f3rcio. No entanto, tal processo carrega consigo etapas que, para muitos, n\u00e3o s\u00e3o das [&hellip;]<\/p>\n","protected":false},"author":3,"featured_media":3907,"comment_status":"open","ping_status":"open","sticky":false,"template":"","format":"standard","meta":{"footnotes":""},"categories":[16],"tags":[1596,1597],"class_list":["post-3906","post","type-post","status-publish","format-standard","has-post-thumbnail","hentry","category-actualidade","tag-divorcio","tag-elevado-custo"],"blocksy_meta":[],"_links":{"self":[{"href":"https:\/\/www.radiomais.ao\/index.php\/wp-json\/wp\/v2\/posts\/3906","targetHints":{"allow":["GET"]}}],"collection":[{"href":"https:\/\/www.radiomais.ao\/index.php\/wp-json\/wp\/v2\/posts"}],"about":[{"href":"https:\/\/www.radiomais.ao\/index.php\/wp-json\/wp\/v2\/types\/post"}],"author":[{"embeddable":true,"href":"https:\/\/www.radiomais.ao\/index.php\/wp-json\/wp\/v2\/users\/3"}],"replies":[{"embeddable":true,"href":"https:\/\/www.radiomais.ao\/index.php\/wp-json\/wp\/v2\/comments?post=3906"}],"version-history":[{"count":1,"href":"https:\/\/www.radiomais.ao\/index.php\/wp-json\/wp\/v2\/posts\/3906\/revisions"}],"predecessor-version":[{"id":3908,"href":"https:\/\/www.radiomais.ao\/index.php\/wp-json\/wp\/v2\/posts\/3906\/revisions\/3908"}],"wp:featuredmedia":[{"embeddable":true,"href":"https:\/\/www.radiomais.ao\/index.php\/wp-json\/wp\/v2\/media\/3907"}],"wp:attachment":[{"href":"https:\/\/www.radiomais.ao\/index.php\/wp-json\/wp\/v2\/media?parent=3906"}],"wp:term":[{"taxonomy":"category","embeddable":true,"href":"https:\/\/www.radiomais.ao\/index.php\/wp-json\/wp\/v2\/categories?post=3906"},{"taxonomy":"post_tag","embeddable":true,"href":"https:\/\/www.radiomais.ao\/index.php\/wp-json\/wp\/v2\/tags?post=3906"}],"curies":[{"name":"wp","href":"https:\/\/api.w.org\/{rel}","templated":true}]}}