{"id":3909,"date":"2026-01-09T08:43:05","date_gmt":"2026-01-09T07:43:05","guid":{"rendered":"https:\/\/www.radiomais.ao\/?p=3909"},"modified":"2026-01-09T08:43:05","modified_gmt":"2026-01-09T07:43:05","slug":"retirada-de-normas-inconstitucionais-nao-impede-punicao-da-justica-a-cidadaos-que-lesem-bens-e-servicos-publicos","status":"publish","type":"post","link":"https:\/\/www.radiomais.ao\/index.php\/2026\/01\/09\/retirada-de-normas-inconstitucionais-nao-impede-punicao-da-justica-a-cidadaos-que-lesem-bens-e-servicos-publicos\/","title":{"rendered":"Retirada de normas inconstitucionais n\u00e3o impede puni\u00e7\u00e3o da Justi\u00e7a a cidad\u00e3os que lesem bens e servi\u00e7os p\u00fablicos."},"content":{"rendered":"\n<p><strong>Quando, a 12 de Dezembro \u00faltimo, o Tribunal Constitucional (TC) tornou p\u00fablica a decis\u00e3o que declarou inconstitucionais v\u00e1rias normas essenciais da Lei n.\u00ba 13\/24 \u2014 Lei dos Crimes de Vandalismo de Bens e Servi\u00e7os P\u00fablicos, abriu-se um novo cap\u00edtulo no debate sobre os limites da san\u00e7\u00e3o penal, protec\u00e7\u00e3o dos bens p\u00fablicos e a defesa do Estado de direito no pa\u00eds. A decis\u00e3o, motivada por uma ac\u00e7\u00e3o do Grupo Parlamentar da UNITA, com fundamentos convergentes apresentados pela Ordem dos Advogados de Angola, obrigou o pa\u00eds a revisitar os termos do combate ao vandalismo, \u00e0 luz da Constitui\u00e7\u00e3o da Rep\u00fablica<\/strong>.<\/p>\n\n\n\n<p>A Lei 13\/24, aprovada em Agosto de 2024, previa penas severas \u2014 com molduras penais de at\u00e9 25 anos de pris\u00e3o para os actos de vandalismo que lesassem bens e servi\u00e7os p\u00fablicos. Contudo, o ac\u00f3rd\u00e3o do TC concluiu que havia uma s\u00e9rie de normas que violavam princ\u00edpios constitucionais como a proporcionalidade das penas, a legalidade penal, a igualdade sancionat\u00f3ria e garantias fundamentais da Constitui\u00e7\u00e3o da Rep\u00fablica de Angola.<\/p>\n\n\n\n<p>A decis\u00e3o, resultado de uma ac\u00e7\u00e3o de fiscaliza\u00e7\u00e3o abstracta sucessiva motivada pelo Grupo Parlamentar da UNITA e pela Ordem dos Advogados de Angola (OAA), traz agora, \u00e0 tona, quest\u00f5es cruciais \u2013 como a possibilidade de a lei ter sido esvaziada e o Estado continuar vulner\u00e1vel a enormes preju\u00edzos. Ler mais em <strong><em><a href=\"https:\/\/www.opais.ao\/politica\/prejuizus-milionariosretirada-de-normas-inconstitucionais-nao-impede-punicao-da-justica-a-cidadaos-que-lesem-bens-e-servicos-publicos\/\">Opa\u00eds<\/a><\/em><\/strong><\/p>\n","protected":false},"excerpt":{"rendered":"<p>Quando, a 12 de Dezembro \u00faltimo, o Tribunal Constitucional (TC) tornou p\u00fablica a decis\u00e3o que declarou inconstitucionais v\u00e1rias normas essenciais da Lei n.\u00ba 13\/24 \u2014 Lei dos Crimes de Vandalismo de Bens e Servi\u00e7os P\u00fablicos, abriu-se um novo cap\u00edtulo no debate sobre os limites da san\u00e7\u00e3o penal, protec\u00e7\u00e3o dos bens p\u00fablicos e a defesa do [&hellip;]<\/p>\n","protected":false},"author":3,"featured_media":3910,"comment_status":"open","ping_status":"open","sticky":false,"template":"","format":"standard","meta":{"footnotes":""},"categories":[16],"tags":[1598,873],"class_list":["post-3909","post","type-post","status-publish","format-standard","has-post-thumbnail","hentry","category-actualidade","tag-bens-publicos","tag-vandalismo"],"blocksy_meta":[],"_links":{"self":[{"href":"https:\/\/www.radiomais.ao\/index.php\/wp-json\/wp\/v2\/posts\/3909","targetHints":{"allow":["GET"]}}],"collection":[{"href":"https:\/\/www.radiomais.ao\/index.php\/wp-json\/wp\/v2\/posts"}],"about":[{"href":"https:\/\/www.radiomais.ao\/index.php\/wp-json\/wp\/v2\/types\/post"}],"author":[{"embeddable":true,"href":"https:\/\/www.radiomais.ao\/index.php\/wp-json\/wp\/v2\/users\/3"}],"replies":[{"embeddable":true,"href":"https:\/\/www.radiomais.ao\/index.php\/wp-json\/wp\/v2\/comments?post=3909"}],"version-history":[{"count":1,"href":"https:\/\/www.radiomais.ao\/index.php\/wp-json\/wp\/v2\/posts\/3909\/revisions"}],"predecessor-version":[{"id":3911,"href":"https:\/\/www.radiomais.ao\/index.php\/wp-json\/wp\/v2\/posts\/3909\/revisions\/3911"}],"wp:featuredmedia":[{"embeddable":true,"href":"https:\/\/www.radiomais.ao\/index.php\/wp-json\/wp\/v2\/media\/3910"}],"wp:attachment":[{"href":"https:\/\/www.radiomais.ao\/index.php\/wp-json\/wp\/v2\/media?parent=3909"}],"wp:term":[{"taxonomy":"category","embeddable":true,"href":"https:\/\/www.radiomais.ao\/index.php\/wp-json\/wp\/v2\/categories?post=3909"},{"taxonomy":"post_tag","embeddable":true,"href":"https:\/\/www.radiomais.ao\/index.php\/wp-json\/wp\/v2\/tags?post=3909"}],"curies":[{"name":"wp","href":"https:\/\/api.w.org\/{rel}","templated":true}]}}