{"id":3916,"date":"2026-01-09T08:50:50","date_gmt":"2026-01-09T07:50:50","guid":{"rendered":"https:\/\/www.radiomais.ao\/?p=3916"},"modified":"2026-01-09T08:50:50","modified_gmt":"2026-01-09T07:50:50","slug":"4-a-comissao-da-assembleia-nacional-aprova-execucao-do-oge-do-iii-trimestre-de-2025","status":"publish","type":"post","link":"https:\/\/www.radiomais.ao\/index.php\/2026\/01\/09\/4-a-comissao-da-assembleia-nacional-aprova-execucao-do-oge-do-iii-trimestre-de-2025\/","title":{"rendered":"4.\u00aa Comiss\u00e3o da Assembleia Nacional aprova execu\u00e7\u00e3o do OGE do III trimestre de 2025."},"content":{"rendered":"\n<p><strong>A Comiss\u00e3o de Administra\u00e7\u00e3o do Estado e do Poder Local (4.\u00aa CTE) da Assembleia Nacional aprovou, nesta quinta-feira, 8, o Relat\u00f3rio de Execu\u00e7\u00e3o do Or\u00e7amento Geral do Estado (OGE) referente ao III trimestre de 2025, concluindo que o desempenho or\u00e7amental se enquadrou \u201cem par\u00e2metros aceit\u00e1veis\u201d e recomendou a sua aprova\u00e7\u00e3o, na especialidade, pelo Plen\u00e1rio<\/strong><\/p>\n\n\n\n<p>A delibera\u00e7\u00e3o registou 12 votos a favor, seis contra e nenhuma absten\u00e7\u00e3o, destacando-se, segundo o documento, melhorias na transpar\u00eancia das finan\u00e7as p\u00fablicas no cumprimento dos prazos e na qualidade da informa\u00e7\u00e3o submetida pelo Executivo. O OGE 2025 foi aprovado com uma estimativa global de 34,6 mil milh\u00f5es de kwanzas, baseada num pre\u00e7o m\u00e9dio de 70 USD por barril de petr\u00f3leo.<\/p>\n\n\n\n<p>Entre Julho e Setembro do ano passado, o Estado arrecadou 5,9 mil milh\u00f5es de kwanzas e executou despesas de 6,3 bili\u00f5es de kwanzas, ten- do resultado num d\u00e9fice de cerca de 362 mil milh\u00f5es de kwanzas. A an\u00e1lise territorial do per\u00edodo indicou uma forte concentra\u00e7\u00e3o de receitas e despesas em Luanda, que respondeu por 35,9% da arrecada\u00e7\u00e3o provincial e 26% da despesa executada. Ler mais em <strong><em><a href=\"https:\/\/www.opais.ao\/politica\/4-a-comissao-da-assembleia-nacional-aprova-execucao-do-oge-do-iii-trimestre-de-2025\/\">Opa\u00eds<\/a><\/em><\/strong><\/p>\n","protected":false},"excerpt":{"rendered":"<p>A Comiss\u00e3o de Administra\u00e7\u00e3o do Estado e do Poder Local (4.\u00aa CTE) da Assembleia Nacional aprovou, nesta quinta-feira, 8, o Relat\u00f3rio de Execu\u00e7\u00e3o do Or\u00e7amento Geral do Estado (OGE) referente ao III trimestre de 2025, concluindo que o desempenho or\u00e7amental se enquadrou \u201cem par\u00e2metros aceit\u00e1veis\u201d e recomendou a sua aprova\u00e7\u00e3o, na especialidade, pelo Plen\u00e1rio A [&hellip;]<\/p>\n","protected":false},"author":3,"featured_media":3917,"comment_status":"open","ping_status":"open","sticky":false,"template":"","format":"standard","meta":{"footnotes":""},"categories":[16],"tags":[1600,1601],"class_list":["post-3916","post","type-post","status-publish","format-standard","has-post-thumbnail","hentry","category-actualidade","tag-comissao-da-assembleia-nacional","tag-execucao-do-oge-2026"],"blocksy_meta":[],"_links":{"self":[{"href":"https:\/\/www.radiomais.ao\/index.php\/wp-json\/wp\/v2\/posts\/3916","targetHints":{"allow":["GET"]}}],"collection":[{"href":"https:\/\/www.radiomais.ao\/index.php\/wp-json\/wp\/v2\/posts"}],"about":[{"href":"https:\/\/www.radiomais.ao\/index.php\/wp-json\/wp\/v2\/types\/post"}],"author":[{"embeddable":true,"href":"https:\/\/www.radiomais.ao\/index.php\/wp-json\/wp\/v2\/users\/3"}],"replies":[{"embeddable":true,"href":"https:\/\/www.radiomais.ao\/index.php\/wp-json\/wp\/v2\/comments?post=3916"}],"version-history":[{"count":1,"href":"https:\/\/www.radiomais.ao\/index.php\/wp-json\/wp\/v2\/posts\/3916\/revisions"}],"predecessor-version":[{"id":3918,"href":"https:\/\/www.radiomais.ao\/index.php\/wp-json\/wp\/v2\/posts\/3916\/revisions\/3918"}],"wp:featuredmedia":[{"embeddable":true,"href":"https:\/\/www.radiomais.ao\/index.php\/wp-json\/wp\/v2\/media\/3917"}],"wp:attachment":[{"href":"https:\/\/www.radiomais.ao\/index.php\/wp-json\/wp\/v2\/media?parent=3916"}],"wp:term":[{"taxonomy":"category","embeddable":true,"href":"https:\/\/www.radiomais.ao\/index.php\/wp-json\/wp\/v2\/categories?post=3916"},{"taxonomy":"post_tag","embeddable":true,"href":"https:\/\/www.radiomais.ao\/index.php\/wp-json\/wp\/v2\/tags?post=3916"}],"curies":[{"name":"wp","href":"https:\/\/api.w.org\/{rel}","templated":true}]}}