{"id":3919,"date":"2026-01-09T08:57:35","date_gmt":"2026-01-09T07:57:35","guid":{"rendered":"https:\/\/www.radiomais.ao\/?p=3919"},"modified":"2026-01-09T08:57:35","modified_gmt":"2026-01-09T07:57:35","slug":"ministerio-das-pescas-revoga-circular-que-proibia-uso-de-lonas-na-producao-de-sal-em-benguela","status":"publish","type":"post","link":"https:\/\/www.radiomais.ao\/index.php\/2026\/01\/09\/ministerio-das-pescas-revoga-circular-que-proibia-uso-de-lonas-na-producao-de-sal-em-benguela\/","title":{"rendered":"Minist\u00e9rio das Pescas revoga circular que proibia uso de lonas na produ\u00e7\u00e3o de sal em Benguela."},"content":{"rendered":"\n<p><strong>O Minist\u00e9rio das Pescas e Recursos Marinhos admite o uso de geomembranas (lonas pl\u00e1sticas) na produ\u00e7\u00e3o de sal e adverte, pois, para a necessidade de se cumprirem, integralmente, os requisitos t\u00e9cnicos e higio-sanit\u00e1rios estabelecidos. Numa circular, datada de 5 de Janeiro de 2026, enviada ao governador Manuel Nunes J\u00fanior, a que este jornal teve acesso, \u00e9 feito enquadramento t\u00e9cnico em rela\u00e7\u00e3o \u00e0 produ\u00e7\u00e3o com base nesse mecanismo. Entretanto, a APROSAL j\u00e1 se tinha manifestado contra o uso de pl\u00e1sticos, com o argumento de que atentava contra a sa\u00fade p\u00fablica<\/strong>.<\/p>\n\n\n\n<p>Na circular, assinada pela directora do Gabinete da Ministra, Selma Marina dos Santos da Cunha, o minist\u00e9rio revoga a circular n\u00famero 01\/DNS\/MINPERMAR\/2025, que proibia o uso de pl\u00e1sticos na produ\u00e7\u00e3o de sal, e faz cessar todos os efeitos administrativos a partir da entrada em vigor dessa nova circular.<\/p>\n\n\n\n<p>No documento, o Minist\u00e9rio de Carmem do Sacramento Neto informa ao governo local que o licenciamento de novas unidades de produ\u00e7\u00e3o de sal marinho est\u00e1 condicionado ao cumprimento integral dos procedimentos estabelecidos pelo sector, incluindo os requisitos gerais de natureza t\u00e9cnica, higio-sanit\u00e1rias e administrativa \u201cconstantes no anexo 1 da presente circular\u201d. Ler mais em <strong><em><a href=\"https:\/\/www.opais.ao\/economia\/ministerio-das-pescas-revoga-circular-que-proibia-uso-de-lonas-na-producao-de-sal-em-benguela\/\">Opa\u00eds<\/a><\/em><\/strong><\/p>\n","protected":false},"excerpt":{"rendered":"<p>O Minist\u00e9rio das Pescas e Recursos Marinhos admite o uso de geomembranas (lonas pl\u00e1sticas) na produ\u00e7\u00e3o de sal e adverte, pois, para a necessidade de se cumprirem, integralmente, os requisitos t\u00e9cnicos e higio-sanit\u00e1rios estabelecidos. Numa circular, datada de 5 de Janeiro de 2026, enviada ao governador Manuel Nunes J\u00fanior, a que este jornal teve acesso, [&hellip;]<\/p>\n","protected":false},"author":3,"featured_media":3921,"comment_status":"open","ping_status":"open","sticky":false,"template":"","format":"standard","meta":{"footnotes":""},"categories":[16],"tags":[1602,1603],"class_list":["post-3919","post","type-post","status-publish","format-standard","has-post-thumbnail","hentry","category-actualidade","tag-ministerio-das-pescas-revoga-circular","tag-ministerio-das-pescas-revoga-circular-que-proibia-uso-de-lonas-na-producao-de-sal-em-benguela"],"blocksy_meta":[],"_links":{"self":[{"href":"https:\/\/www.radiomais.ao\/index.php\/wp-json\/wp\/v2\/posts\/3919","targetHints":{"allow":["GET"]}}],"collection":[{"href":"https:\/\/www.radiomais.ao\/index.php\/wp-json\/wp\/v2\/posts"}],"about":[{"href":"https:\/\/www.radiomais.ao\/index.php\/wp-json\/wp\/v2\/types\/post"}],"author":[{"embeddable":true,"href":"https:\/\/www.radiomais.ao\/index.php\/wp-json\/wp\/v2\/users\/3"}],"replies":[{"embeddable":true,"href":"https:\/\/www.radiomais.ao\/index.php\/wp-json\/wp\/v2\/comments?post=3919"}],"version-history":[{"count":1,"href":"https:\/\/www.radiomais.ao\/index.php\/wp-json\/wp\/v2\/posts\/3919\/revisions"}],"predecessor-version":[{"id":3922,"href":"https:\/\/www.radiomais.ao\/index.php\/wp-json\/wp\/v2\/posts\/3919\/revisions\/3922"}],"wp:featuredmedia":[{"embeddable":true,"href":"https:\/\/www.radiomais.ao\/index.php\/wp-json\/wp\/v2\/media\/3921"}],"wp:attachment":[{"href":"https:\/\/www.radiomais.ao\/index.php\/wp-json\/wp\/v2\/media?parent=3919"}],"wp:term":[{"taxonomy":"category","embeddable":true,"href":"https:\/\/www.radiomais.ao\/index.php\/wp-json\/wp\/v2\/categories?post=3919"},{"taxonomy":"post_tag","embeddable":true,"href":"https:\/\/www.radiomais.ao\/index.php\/wp-json\/wp\/v2\/tags?post=3919"}],"curies":[{"name":"wp","href":"https:\/\/api.w.org\/{rel}","templated":true}]}}