{"id":3929,"date":"2026-01-09T09:25:18","date_gmt":"2026-01-09T08:25:18","guid":{"rendered":"https:\/\/www.radiomais.ao\/?p=3929"},"modified":"2026-01-09T09:25:18","modified_gmt":"2026-01-09T08:25:18","slug":"sic-procura-cidadao-libanes-foragido-da-justica-em-luanda","status":"publish","type":"post","link":"https:\/\/www.radiomais.ao\/index.php\/2026\/01\/09\/sic-procura-cidadao-libanes-foragido-da-justica-em-luanda\/","title":{"rendered":"SIC procura cidad\u00e3o liban\u00eas foragido da Justi\u00e7a em Luanda."},"content":{"rendered":"\n<p>O Servi\u00e7o de Investiga\u00e7\u00e3o Criminal (SIC) anunciou que est\u00e1 em curso uma opera\u00e7\u00e3o para localizar e deter o cidad\u00e3o estrangeiro, de 33 anos de idade, Youssef Zeineddine, de nacionalidade libanesa, foragido da Justi\u00e7a angolana.<\/p>\n\n\n\n<p>o cidad\u00e3o, tamb\u00e9m conhecido no meio art\u00edstico por \u201cDjoseph\u201d, reside em Luanda, no bairro Patriota, h\u00e1 mais de cinco anos, onde se apresenta como cantor e empres\u00e1rio.<\/p>\n\n\n\n<p>Segundo uma nota \u00e0 imprensa, o indiv\u00edduo \u00e9 alvo de dois mandados de deten\u00e7\u00e3o, n\u00fameros 104\/2025 e 03\/2026, emitidos pelo Minist\u00e9rio P\u00fablico, no \u00e2mbito de processos-crime distintos. As autoridades suspeitam do seu envolvimento numa organiza\u00e7\u00e3o criminosa internacional.<\/p>\n\n\n\n<p>De acordo com o comunicado, Youssef Zeineddine reside em Angola h\u00e1 mais de cinco anos, no bairro Patriota, em Luanda, apresentando-se publicamente como cantor e empres\u00e1rio, sendo conhecido no meio art\u00edstico pelo nome \u201cDjoseph\u201d.<\/p>\n\n\n\n<p>O SIC apela \u00e0 colabora\u00e7\u00e3o da popula\u00e7\u00e3o, solicitando que qualquer informa\u00e7\u00e3o sobre o paradeiro do suspeito seja comunicada de imediato aos \u00f3rg\u00e3os competentes.<\/p>\n\n\n<div \n    class=\"align wp-block-scb-sound-cloud\"    id=\"scbSoundCloud-1\"\n    data-attributes='{&quot;cId&quot;:&quot;7c446a70-2&quot;,&quot;tracks&quot;:[{&quot;url&quot;:&quot;https:\\\/\\\/soundcloud.com\\\/radio-mais-luanda\\\/sic-procura-cidadao-libanes-foragido-da-justica-em-luanda?si=d55f5f6315384b20ad7f36223325275e&amp;utm_source=clipboard&amp;utm_medium=text&amp;utm_campaign=social_sharing&quot;,&quot;startTrack&quot;:0}],&quot;alignment&quot;:&quot;center&quot;,&quot;align&quot;:&quot;&quot;,&quot;options&quot;:{&quot;isAutoPlay&quot;:true,&quot;color&quot;:&quot;#f50&quot;,&quot;isBuying&quot;:true,&quot;isSharing&quot;:true,&quot;isDownload&quot;:true,&quot;isArtWork&quot;:true,&quot;isPlayCount&quot;:true,&quot;isUser&quot;:true,&quot;isSingleActive&quot;:true,&quot;isComments&quot;:true,&quot;isVisual&quot;:false,&quot;isTeaser&quot;:false,&quot;isHideRelated&quot;:false},&quot;iframeStyle&quot;:{&quot;width&quot;:&quot;100%&quot;,&quot;height&quot;:&quot;170px&quot;},&quot;frameBorder&quot;:{&quot;color&quot;:&quot;#000&quot;,&quot;style&quot;:&quot;solid&quot;,&quot;width&quot;:&quot;1px&quot;},&quot;frameBRadius&quot;:{&quot;top&quot;:&quot;3px&quot;,&quot;bottom&quot;:&quot;3px&quot;,&quot;left&quot;:&quot;3px&quot;,&quot;right&quot;:&quot;3px&quot;},&quot;frameBoxShadow&quot;:[]}'>\n<\/div>\n\n \n      ","protected":false},"excerpt":{"rendered":"<p>O Servi\u00e7o de Investiga\u00e7\u00e3o Criminal (SIC) anunciou que est\u00e1 em curso uma opera\u00e7\u00e3o para localizar e deter o cidad\u00e3o estrangeiro, de 33 anos de idade, Youssef Zeineddine, de nacionalidade libanesa, foragido da Justi\u00e7a angolana. o cidad\u00e3o, tamb\u00e9m conhecido no meio art\u00edstico por \u201cDjoseph\u201d, reside em Luanda, no bairro Patriota, h\u00e1 mais de cinco anos, onde [&hellip;]<\/p>\n","protected":false},"author":3,"featured_media":3930,"comment_status":"open","ping_status":"open","sticky":false,"template":"","format":"standard","meta":{"footnotes":""},"categories":[16],"tags":[1608,119],"class_list":["post-3929","post","type-post","status-publish","format-standard","has-post-thumbnail","hentry","category-actualidade","tag-cidadao-foragido","tag-sic"],"blocksy_meta":[],"_links":{"self":[{"href":"https:\/\/www.radiomais.ao\/index.php\/wp-json\/wp\/v2\/posts\/3929","targetHints":{"allow":["GET"]}}],"collection":[{"href":"https:\/\/www.radiomais.ao\/index.php\/wp-json\/wp\/v2\/posts"}],"about":[{"href":"https:\/\/www.radiomais.ao\/index.php\/wp-json\/wp\/v2\/types\/post"}],"author":[{"embeddable":true,"href":"https:\/\/www.radiomais.ao\/index.php\/wp-json\/wp\/v2\/users\/3"}],"replies":[{"embeddable":true,"href":"https:\/\/www.radiomais.ao\/index.php\/wp-json\/wp\/v2\/comments?post=3929"}],"version-history":[{"count":1,"href":"https:\/\/www.radiomais.ao\/index.php\/wp-json\/wp\/v2\/posts\/3929\/revisions"}],"predecessor-version":[{"id":3931,"href":"https:\/\/www.radiomais.ao\/index.php\/wp-json\/wp\/v2\/posts\/3929\/revisions\/3931"}],"wp:featuredmedia":[{"embeddable":true,"href":"https:\/\/www.radiomais.ao\/index.php\/wp-json\/wp\/v2\/media\/3930"}],"wp:attachment":[{"href":"https:\/\/www.radiomais.ao\/index.php\/wp-json\/wp\/v2\/media?parent=3929"}],"wp:term":[{"taxonomy":"category","embeddable":true,"href":"https:\/\/www.radiomais.ao\/index.php\/wp-json\/wp\/v2\/categories?post=3929"},{"taxonomy":"post_tag","embeddable":true,"href":"https:\/\/www.radiomais.ao\/index.php\/wp-json\/wp\/v2\/tags?post=3929"}],"curies":[{"name":"wp","href":"https:\/\/api.w.org\/{rel}","templated":true}]}}