{"id":3932,"date":"2026-01-09T10:46:58","date_gmt":"2026-01-09T09:46:58","guid":{"rendered":"https:\/\/www.radiomais.ao\/?p=3932"},"modified":"2026-01-09T10:46:58","modified_gmt":"2026-01-09T09:46:58","slug":"efemeride-o-dia-internacional-do-coreografo","status":"publish","type":"post","link":"https:\/\/www.radiomais.ao\/index.php\/2026\/01\/09\/efemeride-o-dia-internacional-do-coreografo\/","title":{"rendered":"Efem\u00e9ride: O Dia Internacional do Core\u00f3grafo."},"content":{"rendered":"\n<p>No \u00e2mbito do Dia Internacional do Core\u00f3grafo, que \u00e9 celebrado hoje como uma data de valoriza\u00e7\u00e3o da criatividade, da identidade cultural e da arte do movimento, destacamos o papel fundamental dos core\u00f3grafos na preserva\u00e7\u00e3o e reinven\u00e7\u00e3o das dan\u00e7as tradicionais e contempor\u00e2neas. \u00c9 por meio do seu trabalho que hist\u00f3rias, costumes e emo\u00e7\u00f5es ganham forma no corpo e no palco, fortalecendo a mem\u00f3ria cultural dos povos.<\/p>\n\n\n\n<p>O core\u00f3grafo angolano Maneco Vieira Dias, respons\u00e1vel do Ballet Tradicional Kilandukilu, fala de dificuldades que afetam de forma negativa a actividade de produzir coreografias.<\/p>\n","protected":false},"excerpt":{"rendered":"<p>No \u00e2mbito do Dia Internacional do Core\u00f3grafo, que \u00e9 celebrado hoje como uma data de valoriza\u00e7\u00e3o da criatividade, da identidade cultural e da arte do movimento, destacamos o papel fundamental dos core\u00f3grafos na preserva\u00e7\u00e3o e reinven\u00e7\u00e3o das dan\u00e7as tradicionais e contempor\u00e2neas. \u00c9 por meio do seu trabalho que hist\u00f3rias, costumes e emo\u00e7\u00f5es ganham forma no [&hellip;]<\/p>\n","protected":false},"author":3,"featured_media":3933,"comment_status":"open","ping_status":"open","sticky":false,"template":"","format":"standard","meta":{"footnotes":""},"categories":[16],"tags":[1609,1336],"class_list":["post-3932","post","type-post","status-publish","format-standard","has-post-thumbnail","hentry","category-actualidade","tag-dia-do-coreografo","tag-efemeride"],"blocksy_meta":[],"_links":{"self":[{"href":"https:\/\/www.radiomais.ao\/index.php\/wp-json\/wp\/v2\/posts\/3932","targetHints":{"allow":["GET"]}}],"collection":[{"href":"https:\/\/www.radiomais.ao\/index.php\/wp-json\/wp\/v2\/posts"}],"about":[{"href":"https:\/\/www.radiomais.ao\/index.php\/wp-json\/wp\/v2\/types\/post"}],"author":[{"embeddable":true,"href":"https:\/\/www.radiomais.ao\/index.php\/wp-json\/wp\/v2\/users\/3"}],"replies":[{"embeddable":true,"href":"https:\/\/www.radiomais.ao\/index.php\/wp-json\/wp\/v2\/comments?post=3932"}],"version-history":[{"count":1,"href":"https:\/\/www.radiomais.ao\/index.php\/wp-json\/wp\/v2\/posts\/3932\/revisions"}],"predecessor-version":[{"id":3934,"href":"https:\/\/www.radiomais.ao\/index.php\/wp-json\/wp\/v2\/posts\/3932\/revisions\/3934"}],"wp:featuredmedia":[{"embeddable":true,"href":"https:\/\/www.radiomais.ao\/index.php\/wp-json\/wp\/v2\/media\/3933"}],"wp:attachment":[{"href":"https:\/\/www.radiomais.ao\/index.php\/wp-json\/wp\/v2\/media?parent=3932"}],"wp:term":[{"taxonomy":"category","embeddable":true,"href":"https:\/\/www.radiomais.ao\/index.php\/wp-json\/wp\/v2\/categories?post=3932"},{"taxonomy":"post_tag","embeddable":true,"href":"https:\/\/www.radiomais.ao\/index.php\/wp-json\/wp\/v2\/tags?post=3932"}],"curies":[{"name":"wp","href":"https:\/\/api.w.org\/{rel}","templated":true}]}}