{"id":3935,"date":"2026-01-09T10:50:55","date_gmt":"2026-01-09T09:50:55","guid":{"rendered":"https:\/\/www.radiomais.ao\/?p=3935"},"modified":"2026-01-09T10:50:55","modified_gmt":"2026-01-09T09:50:55","slug":"ndalatando-vibra-ao-ritmo-da-celebracao-da-cultura-nacional","status":"publish","type":"post","link":"https:\/\/www.radiomais.ao\/index.php\/2026\/01\/09\/ndalatando-vibra-ao-ritmo-da-celebracao-da-cultura-nacional\/","title":{"rendered":"Ndalatando vibra ao ritmo da celebra\u00e7\u00e3o da cultura nacional."},"content":{"rendered":"\n<p><strong>Por cerca de tr\u00eas dias consecutivos, a cidade de Ndalatando, capital da prov\u00edncia do Cuanza Norte, foi o epicentro da maior festividade cultural do pa\u00eds. A cidade congregou, no cora\u00e7\u00e3o do munic\u00edpio do Cazengo, milhares de pessoas e centenas de grupos que vibraram ao ritmo fren\u00e9tico e contagiante da celebra\u00e7\u00e3o do Dia da Cultura Nacional<\/strong>.<\/p>\n\n\n\n<p>As ruas estavam todas pintadas e devidamente higienizadas, as \u00e1rvores e jardins bem decorados e organizados, os espa\u00e7os p\u00fablicos tornaram-se um palco aberto de manifesta\u00e7\u00e3o art\u00edstica e cultural, onde cada um podia, de forma livre e espont\u00e2nea, mas organizada, expor a sua arte e prender a aten\u00e7\u00e3o do p\u00fablico que transitava.<\/p>\n\n\n\n<p>Seja m\u00fasica, dan\u00e7a, artes pl\u00e1sticas, desenho criativo, poesia, spoken word, teatro ou at\u00e9 mesmo literatura, a cidade de Ndala tando acolhia qualquer que fosse \u00e0 manifesta\u00e7\u00e3o cultural, deixando a criatividade art\u00edstica ser a principal linguagem comunicativa entre diferentes pessoas e grupos. Jovens, crian\u00e7as, adultos e at\u00e9 idosos, todos faziam do Largo Dr. Ant\u00f3nio Agostinho Neto o seu principal destino, sem se importarem com a hora nem a condi\u00e7\u00e3o clim\u00e1tica. Ler mais em <strong><em><a href=\"https:\/\/www.opais.ao\/cultura\/ndalatando-vibra-ao-ritmo-da-celebracao-da-cultura-nacional\/\">Opa\u00eds.<\/a><\/em><\/strong><\/p>\n","protected":false},"excerpt":{"rendered":"<p>Por cerca de tr\u00eas dias consecutivos, a cidade de Ndalatando, capital da prov\u00edncia do Cuanza Norte, foi o epicentro da maior festividade cultural do pa\u00eds. A cidade congregou, no cora\u00e7\u00e3o do munic\u00edpio do Cazengo, milhares de pessoas e centenas de grupos que vibraram ao ritmo fren\u00e9tico e contagiante da celebra\u00e7\u00e3o do Dia da Cultura Nacional. [&hellip;]<\/p>\n","protected":false},"author":3,"featured_media":3936,"comment_status":"open","ping_status":"open","sticky":false,"template":"","format":"standard","meta":{"footnotes":""},"categories":[16],"tags":[1611,1610],"class_list":["post-3935","post","type-post","status-publish","format-standard","has-post-thumbnail","hentry","category-actualidade","tag-cultura-nacional","tag-ndalatando"],"blocksy_meta":[],"_links":{"self":[{"href":"https:\/\/www.radiomais.ao\/index.php\/wp-json\/wp\/v2\/posts\/3935","targetHints":{"allow":["GET"]}}],"collection":[{"href":"https:\/\/www.radiomais.ao\/index.php\/wp-json\/wp\/v2\/posts"}],"about":[{"href":"https:\/\/www.radiomais.ao\/index.php\/wp-json\/wp\/v2\/types\/post"}],"author":[{"embeddable":true,"href":"https:\/\/www.radiomais.ao\/index.php\/wp-json\/wp\/v2\/users\/3"}],"replies":[{"embeddable":true,"href":"https:\/\/www.radiomais.ao\/index.php\/wp-json\/wp\/v2\/comments?post=3935"}],"version-history":[{"count":1,"href":"https:\/\/www.radiomais.ao\/index.php\/wp-json\/wp\/v2\/posts\/3935\/revisions"}],"predecessor-version":[{"id":3937,"href":"https:\/\/www.radiomais.ao\/index.php\/wp-json\/wp\/v2\/posts\/3935\/revisions\/3937"}],"wp:featuredmedia":[{"embeddable":true,"href":"https:\/\/www.radiomais.ao\/index.php\/wp-json\/wp\/v2\/media\/3936"}],"wp:attachment":[{"href":"https:\/\/www.radiomais.ao\/index.php\/wp-json\/wp\/v2\/media?parent=3935"}],"wp:term":[{"taxonomy":"category","embeddable":true,"href":"https:\/\/www.radiomais.ao\/index.php\/wp-json\/wp\/v2\/categories?post=3935"},{"taxonomy":"post_tag","embeddable":true,"href":"https:\/\/www.radiomais.ao\/index.php\/wp-json\/wp\/v2\/tags?post=3935"}],"curies":[{"name":"wp","href":"https:\/\/api.w.org\/{rel}","templated":true}]}}