{"id":3938,"date":"2026-01-09T12:02:06","date_gmt":"2026-01-09T11:02:06","guid":{"rendered":"https:\/\/www.radiomais.ao\/?p=3938"},"modified":"2026-01-09T12:02:06","modified_gmt":"2026-01-09T11:02:06","slug":"no-huambo-a-sociedade-apoia-o-encerramento-das-casas-de-compra-e-venda-de-material-ferroso","status":"publish","type":"post","link":"https:\/\/www.radiomais.ao\/index.php\/2026\/01\/09\/no-huambo-a-sociedade-apoia-o-encerramento-das-casas-de-compra-e-venda-de-material-ferroso\/","title":{"rendered":"No Huambo a sociedade apoia o encerramento das casas de compra e venda de material ferroso."},"content":{"rendered":"\n<p>A sociedade civil no Huambo manifestou apoio ao encerramento das casas de compra e venda de sucata, medida do Governo destinada a travar a vandaliza\u00e7\u00e3o de bens p\u00fablicos e privados e proteger o interesse coletivo.<\/p>\n\n\n\n<p>O pastor Ant\u00f3nio Bambi, da Igreja Adventista do S\u00e9timo Dia, salientou que essa pr\u00e1tica tem causado enormes preju\u00edzos ao Estado angolano e \u00e0 sociedade em geral.<\/p>\n\n\n<div \n    class=\"align wp-block-scb-sound-cloud\"    id=\"scbSoundCloud-1\"\n    data-attributes='{&quot;cId&quot;:&quot;1ecbeeec-f&quot;,&quot;tracks&quot;:[{&quot;url&quot;:&quot;https:\\\/\\\/soundcloud.com\\\/radio-mais-luanda\\\/encerramento-de-casas-de-1?si=24ce19792b7a4e1891b33b26cd10da10&amp;utm_source=clipboard&amp;utm_medium=text&amp;utm_campaign=social_sharing&quot;,&quot;startTrack&quot;:0}],&quot;alignment&quot;:&quot;center&quot;,&quot;align&quot;:&quot;&quot;,&quot;options&quot;:{&quot;isAutoPlay&quot;:true,&quot;color&quot;:&quot;#f50&quot;,&quot;isBuying&quot;:true,&quot;isSharing&quot;:true,&quot;isDownload&quot;:true,&quot;isArtWork&quot;:true,&quot;isPlayCount&quot;:true,&quot;isUser&quot;:true,&quot;isSingleActive&quot;:true,&quot;isComments&quot;:true,&quot;isVisual&quot;:false,&quot;isTeaser&quot;:false,&quot;isHideRelated&quot;:false},&quot;iframeStyle&quot;:{&quot;width&quot;:&quot;100%&quot;,&quot;height&quot;:&quot;170px&quot;},&quot;frameBorder&quot;:{&quot;color&quot;:&quot;#000&quot;,&quot;style&quot;:&quot;solid&quot;,&quot;width&quot;:&quot;1px&quot;},&quot;frameBRadius&quot;:{&quot;top&quot;:&quot;3px&quot;,&quot;bottom&quot;:&quot;3px&quot;,&quot;left&quot;:&quot;3px&quot;,&quot;right&quot;:&quot;3px&quot;},&quot;frameBoxShadow&quot;:[]}'>\n<\/div>\n\n \n      ","protected":false},"excerpt":{"rendered":"<p>A sociedade civil no Huambo manifestou apoio ao encerramento das casas de compra e venda de sucata, medida do Governo destinada a travar a vandaliza\u00e7\u00e3o de bens p\u00fablicos e privados e proteger o interesse coletivo. O pastor Ant\u00f3nio Bambi, da Igreja Adventista do S\u00e9timo Dia, salientou que essa pr\u00e1tica tem causado enormes preju\u00edzos ao Estado [&hellip;]<\/p>\n","protected":false},"author":3,"featured_media":3939,"comment_status":"open","ping_status":"open","sticky":false,"template":"","format":"standard","meta":{"footnotes":""},"categories":[16],"tags":[1612],"class_list":["post-3938","post","type-post","status-publish","format-standard","has-post-thumbnail","hentry","category-actualidade","tag-casas-de-pesagem-no-huambo"],"blocksy_meta":[],"_links":{"self":[{"href":"https:\/\/www.radiomais.ao\/index.php\/wp-json\/wp\/v2\/posts\/3938","targetHints":{"allow":["GET"]}}],"collection":[{"href":"https:\/\/www.radiomais.ao\/index.php\/wp-json\/wp\/v2\/posts"}],"about":[{"href":"https:\/\/www.radiomais.ao\/index.php\/wp-json\/wp\/v2\/types\/post"}],"author":[{"embeddable":true,"href":"https:\/\/www.radiomais.ao\/index.php\/wp-json\/wp\/v2\/users\/3"}],"replies":[{"embeddable":true,"href":"https:\/\/www.radiomais.ao\/index.php\/wp-json\/wp\/v2\/comments?post=3938"}],"version-history":[{"count":1,"href":"https:\/\/www.radiomais.ao\/index.php\/wp-json\/wp\/v2\/posts\/3938\/revisions"}],"predecessor-version":[{"id":3940,"href":"https:\/\/www.radiomais.ao\/index.php\/wp-json\/wp\/v2\/posts\/3938\/revisions\/3940"}],"wp:featuredmedia":[{"embeddable":true,"href":"https:\/\/www.radiomais.ao\/index.php\/wp-json\/wp\/v2\/media\/3939"}],"wp:attachment":[{"href":"https:\/\/www.radiomais.ao\/index.php\/wp-json\/wp\/v2\/media?parent=3938"}],"wp:term":[{"taxonomy":"category","embeddable":true,"href":"https:\/\/www.radiomais.ao\/index.php\/wp-json\/wp\/v2\/categories?post=3938"},{"taxonomy":"post_tag","embeddable":true,"href":"https:\/\/www.radiomais.ao\/index.php\/wp-json\/wp\/v2\/tags?post=3938"}],"curies":[{"name":"wp","href":"https:\/\/api.w.org\/{rel}","templated":true}]}}