{"id":3941,"date":"2026-01-09T12:32:43","date_gmt":"2026-01-09T11:32:43","guid":{"rendered":"https:\/\/www.radiomais.ao\/?p=3941"},"modified":"2026-01-09T12:48:52","modified_gmt":"2026-01-09T11:48:52","slug":"sic-deteve-em-luanda-suposto-marginal-apontado-como-mais-temido-no-municipio-do-rangel","status":"publish","type":"post","link":"https:\/\/www.radiomais.ao\/index.php\/2026\/01\/09\/sic-deteve-em-luanda-suposto-marginal-apontado-como-mais-temido-no-municipio-do-rangel\/","title":{"rendered":"SIC deteve em Luanda suposto marginal apontado como mais temido no munic\u00edpio do Rangel."},"content":{"rendered":"\n<p>Quatro cidad\u00e3os foram detidos pelo Servi\u00e7o de Investiga\u00e7\u00e3o Criminal, acusados de homic\u00eddio qualificado no munic\u00edpio do Rangel em Luanda.<\/p>\n\n\n<div \n    class=\"align wp-block-scb-sound-cloud\"    id=\"scbSoundCloud-1\"\n    data-attributes='{&quot;cId&quot;:&quot;12acfd7d-0&quot;,&quot;tracks&quot;:[{&quot;url&quot;:&quot;https:\\\/\\\/soundcloud.com\\\/radio-mais-luanda\\\/sic-detem-4-cidadaos-acusados-de-homicidio-qualificado-no-rangel?si=9b58514f26e341fe96bada466a52afd6&amp;utm_source=clipboard&amp;utm_medium=text&amp;utm_campaign=social_sharing&quot;,&quot;startTrack&quot;:0}],&quot;alignment&quot;:&quot;center&quot;,&quot;align&quot;:&quot;&quot;,&quot;options&quot;:{&quot;isAutoPlay&quot;:true,&quot;color&quot;:&quot;#f50&quot;,&quot;isBuying&quot;:true,&quot;isSharing&quot;:true,&quot;isDownload&quot;:true,&quot;isArtWork&quot;:true,&quot;isPlayCount&quot;:true,&quot;isUser&quot;:true,&quot;isSingleActive&quot;:true,&quot;isComments&quot;:true,&quot;isVisual&quot;:false,&quot;isTeaser&quot;:false,&quot;isHideRelated&quot;:false},&quot;iframeStyle&quot;:{&quot;width&quot;:&quot;100%&quot;,&quot;height&quot;:&quot;170px&quot;},&quot;frameBorder&quot;:{&quot;color&quot;:&quot;#000&quot;,&quot;style&quot;:&quot;solid&quot;,&quot;width&quot;:&quot;1px&quot;},&quot;frameBRadius&quot;:{&quot;top&quot;:&quot;3px&quot;,&quot;bottom&quot;:&quot;3px&quot;,&quot;left&quot;:&quot;3px&quot;,&quot;right&quot;:&quot;3px&quot;},&quot;frameBoxShadow&quot;:[]}'>\n<\/div>\n\n \n      \n\n\n<p>A v\u00edtima, de 21 anos de idade, foi atacada com armas brancas, sofreu ferimentos graves e morreu a caminho do hospital, num crime alegadamente motivado por rivalidade entre grupos<\/p>\n","protected":false},"excerpt":{"rendered":"<p>Quatro cidad\u00e3os foram detidos pelo Servi\u00e7o de Investiga\u00e7\u00e3o Criminal, acusados de homic\u00eddio qualificado no munic\u00edpio do Rangel em Luanda. A v\u00edtima, de 21 anos de idade, foi atacada com armas brancas, sofreu ferimentos graves e morreu a caminho do hospital, num crime alegadamente motivado por rivalidade entre grupos<\/p>\n","protected":false},"author":3,"featured_media":3802,"comment_status":"open","ping_status":"open","sticky":false,"template":"","format":"standard","meta":{"footnotes":""},"categories":[16],"tags":[1613],"class_list":["post-3941","post","type-post","status-publish","format-standard","has-post-thumbnail","hentry","category-actualidade","tag-homicidio-rangel"],"blocksy_meta":[],"_links":{"self":[{"href":"https:\/\/www.radiomais.ao\/index.php\/wp-json\/wp\/v2\/posts\/3941","targetHints":{"allow":["GET"]}}],"collection":[{"href":"https:\/\/www.radiomais.ao\/index.php\/wp-json\/wp\/v2\/posts"}],"about":[{"href":"https:\/\/www.radiomais.ao\/index.php\/wp-json\/wp\/v2\/types\/post"}],"author":[{"embeddable":true,"href":"https:\/\/www.radiomais.ao\/index.php\/wp-json\/wp\/v2\/users\/3"}],"replies":[{"embeddable":true,"href":"https:\/\/www.radiomais.ao\/index.php\/wp-json\/wp\/v2\/comments?post=3941"}],"version-history":[{"count":2,"href":"https:\/\/www.radiomais.ao\/index.php\/wp-json\/wp\/v2\/posts\/3941\/revisions"}],"predecessor-version":[{"id":3948,"href":"https:\/\/www.radiomais.ao\/index.php\/wp-json\/wp\/v2\/posts\/3941\/revisions\/3948"}],"wp:featuredmedia":[{"embeddable":true,"href":"https:\/\/www.radiomais.ao\/index.php\/wp-json\/wp\/v2\/media\/3802"}],"wp:attachment":[{"href":"https:\/\/www.radiomais.ao\/index.php\/wp-json\/wp\/v2\/media?parent=3941"}],"wp:term":[{"taxonomy":"category","embeddable":true,"href":"https:\/\/www.radiomais.ao\/index.php\/wp-json\/wp\/v2\/categories?post=3941"},{"taxonomy":"post_tag","embeddable":true,"href":"https:\/\/www.radiomais.ao\/index.php\/wp-json\/wp\/v2\/tags?post=3941"}],"curies":[{"name":"wp","href":"https:\/\/api.w.org\/{rel}","templated":true}]}}