{"id":3954,"date":"2026-01-12T09:51:32","date_gmt":"2026-01-12T08:51:32","guid":{"rendered":"https:\/\/www.radiomais.ao\/?p=3954"},"modified":"2026-01-12T09:51:32","modified_gmt":"2026-01-12T08:51:32","slug":"parque-industrial-de-aluminio-da-barra-do-dande-arranca-esta-semana","status":"publish","type":"post","link":"https:\/\/www.radiomais.ao\/index.php\/2026\/01\/12\/parque-industrial-de-aluminio-da-barra-do-dande-arranca-esta-semana\/","title":{"rendered":"Parque industrial de alum\u00ednio da Barra do Dande arranca esta semana."},"content":{"rendered":"\n<p><strong>A Huatong Angola industry, Lda., propriet\u00e1ria do Parque industrial de Alum\u00ednio, no munic\u00edpio Barra do Dande, na prov\u00edncia do Bengo, prev\u00ea colocar em funcionamento a primeira fase final da primeira etapa do seu projecto industrial esta semana, segundo an\u00fancio da empresa<\/strong>.<\/p>\n\n\n\n<p>Instalado na Zona Franca da Barra do Dande, o empreendimento Parque Industrial de Alum\u00ednio representa um importante contributo para a industrializa\u00e7\u00e3o da regi\u00e3o e para a diversifica\u00e7\u00e3o da economia nacional. Com um investimento de 250 milh\u00f5es de d\u00f3lares, a primeira fase vai criar mais de mil 200 postos de trabalho, a maioria destinados a jovens angolanos.<\/p>\n\n\n\n<p>A unidade ter\u00e1 uma capacidade de produ\u00e7\u00e3o anual de 120 mil toneladas de alum\u00ednio electrol\u00edtico, que poder\u00e1 ser transformado em ligas, chapas, varas e outros produtos derivados.<\/p>\n\n\n\n<p>A segunda fase do projecto, avaliada em 500 milh\u00f5es de d\u00f3lares, prev\u00ea a produ\u00e7\u00e3o de 240 mil toneladas anuais. No total, o Parque Industrial de Alum\u00ednio Huatong ter\u00e1 cinco fases de desenvolvimento, num investimento global estimado em 1,6 mil milh\u00f5es de d\u00f3lares, ao longo de oito a dez anos.<\/p>\n","protected":false},"excerpt":{"rendered":"<p>A Huatong Angola industry, Lda., propriet\u00e1ria do Parque industrial de Alum\u00ednio, no munic\u00edpio Barra do Dande, na prov\u00edncia do Bengo, prev\u00ea colocar em funcionamento a primeira fase final da primeira etapa do seu projecto industrial esta semana, segundo an\u00fancio da empresa. Instalado na Zona Franca da Barra do Dande, o empreendimento Parque Industrial de Alum\u00ednio [&hellip;]<\/p>\n","protected":false},"author":3,"featured_media":3955,"comment_status":"open","ping_status":"open","sticky":false,"template":"","format":"standard","meta":{"footnotes":""},"categories":[1],"tags":[22,1617],"class_list":["post-3954","post","type-post","status-publish","format-standard","has-post-thumbnail","hentry","category-uncategorized","tag-destaque","tag-parque-industrial-de-aluminio"],"blocksy_meta":[],"_links":{"self":[{"href":"https:\/\/www.radiomais.ao\/index.php\/wp-json\/wp\/v2\/posts\/3954","targetHints":{"allow":["GET"]}}],"collection":[{"href":"https:\/\/www.radiomais.ao\/index.php\/wp-json\/wp\/v2\/posts"}],"about":[{"href":"https:\/\/www.radiomais.ao\/index.php\/wp-json\/wp\/v2\/types\/post"}],"author":[{"embeddable":true,"href":"https:\/\/www.radiomais.ao\/index.php\/wp-json\/wp\/v2\/users\/3"}],"replies":[{"embeddable":true,"href":"https:\/\/www.radiomais.ao\/index.php\/wp-json\/wp\/v2\/comments?post=3954"}],"version-history":[{"count":1,"href":"https:\/\/www.radiomais.ao\/index.php\/wp-json\/wp\/v2\/posts\/3954\/revisions"}],"predecessor-version":[{"id":3956,"href":"https:\/\/www.radiomais.ao\/index.php\/wp-json\/wp\/v2\/posts\/3954\/revisions\/3956"}],"wp:featuredmedia":[{"embeddable":true,"href":"https:\/\/www.radiomais.ao\/index.php\/wp-json\/wp\/v2\/media\/3955"}],"wp:attachment":[{"href":"https:\/\/www.radiomais.ao\/index.php\/wp-json\/wp\/v2\/media?parent=3954"}],"wp:term":[{"taxonomy":"category","embeddable":true,"href":"https:\/\/www.radiomais.ao\/index.php\/wp-json\/wp\/v2\/categories?post=3954"},{"taxonomy":"post_tag","embeddable":true,"href":"https:\/\/www.radiomais.ao\/index.php\/wp-json\/wp\/v2\/tags?post=3954"}],"curies":[{"name":"wp","href":"https:\/\/api.w.org\/{rel}","templated":true}]}}