{"id":3957,"date":"2026-01-12T09:59:26","date_gmt":"2026-01-12T08:59:26","guid":{"rendered":"https:\/\/www.radiomais.ao\/?p=3957"},"modified":"2026-01-12T09:59:26","modified_gmt":"2026-01-12T08:59:26","slug":"alimentacao-escolar-beneficia-mais-de-10-mil-alunos-nos-municipios-da-palanca-e-kuvango","status":"publish","type":"post","link":"https:\/\/www.radiomais.ao\/index.php\/2026\/01\/12\/alimentacao-escolar-beneficia-mais-de-10-mil-alunos-nos-municipios-da-palanca-e-kuvango\/","title":{"rendered":"Alimenta\u00e7\u00e3o escolar beneficia mais de 10 mil alunos nos munic\u00edpios da Palanca e kuvango."},"content":{"rendered":"\n<p><strong>O Programa de Alimenta\u00e7\u00e3o escolar, criado pelo Minist\u00e9rio da educa\u00e7\u00e3o, em substitui\u00e7\u00e3o da Merenda escolar em vigor at\u00e9 ao ano passado, j\u00e1 beneficiou mais de 10 mil crian\u00e7as do pr\u00e9-escolar e do ensino prim\u00e1rio nos munic\u00edpios da Palanca e do Kuvango, na prov\u00edncia da Hu\u00edla. o referido diploma presidencial tem como entidade legisladora o Presidente da Rep\u00fablica, atrav\u00e9s de um decreto pr\u00f3prio, sob o n.\u00ba 83\/25 de 15 de Abril<\/strong>. Ler mais em <strong><em><a href=\"https:\/\/www.opais.ao\/sociedade\/alimentacao-escolar-beneficia-mais-de-10-mil-alunos-nos-municipios-da-palanca-e-kuvango\/\">Opa\u00eds<\/a><\/em><\/strong><\/p>\n","protected":false},"excerpt":{"rendered":"<p>O Programa de Alimenta\u00e7\u00e3o escolar, criado pelo Minist\u00e9rio da educa\u00e7\u00e3o, em substitui\u00e7\u00e3o da Merenda escolar em vigor at\u00e9 ao ano passado, j\u00e1 beneficiou mais de 10 mil crian\u00e7as do pr\u00e9-escolar e do ensino prim\u00e1rio nos munic\u00edpios da Palanca e do Kuvango, na prov\u00edncia da Hu\u00edla. o referido diploma presidencial tem como entidade legisladora o Presidente [&hellip;]<\/p>\n","protected":false},"author":3,"featured_media":3958,"comment_status":"open","ping_status":"open","sticky":false,"template":"","format":"standard","meta":{"footnotes":""},"categories":[16],"tags":[1231],"class_list":["post-3957","post","type-post","status-publish","format-standard","has-post-thumbnail","hentry","category-actualidade","tag-alimentacao-escolar"],"blocksy_meta":[],"_links":{"self":[{"href":"https:\/\/www.radiomais.ao\/index.php\/wp-json\/wp\/v2\/posts\/3957","targetHints":{"allow":["GET"]}}],"collection":[{"href":"https:\/\/www.radiomais.ao\/index.php\/wp-json\/wp\/v2\/posts"}],"about":[{"href":"https:\/\/www.radiomais.ao\/index.php\/wp-json\/wp\/v2\/types\/post"}],"author":[{"embeddable":true,"href":"https:\/\/www.radiomais.ao\/index.php\/wp-json\/wp\/v2\/users\/3"}],"replies":[{"embeddable":true,"href":"https:\/\/www.radiomais.ao\/index.php\/wp-json\/wp\/v2\/comments?post=3957"}],"version-history":[{"count":1,"href":"https:\/\/www.radiomais.ao\/index.php\/wp-json\/wp\/v2\/posts\/3957\/revisions"}],"predecessor-version":[{"id":3959,"href":"https:\/\/www.radiomais.ao\/index.php\/wp-json\/wp\/v2\/posts\/3957\/revisions\/3959"}],"wp:featuredmedia":[{"embeddable":true,"href":"https:\/\/www.radiomais.ao\/index.php\/wp-json\/wp\/v2\/media\/3958"}],"wp:attachment":[{"href":"https:\/\/www.radiomais.ao\/index.php\/wp-json\/wp\/v2\/media?parent=3957"}],"wp:term":[{"taxonomy":"category","embeddable":true,"href":"https:\/\/www.radiomais.ao\/index.php\/wp-json\/wp\/v2\/categories?post=3957"},{"taxonomy":"post_tag","embeddable":true,"href":"https:\/\/www.radiomais.ao\/index.php\/wp-json\/wp\/v2\/tags?post=3957"}],"curies":[{"name":"wp","href":"https:\/\/api.w.org\/{rel}","templated":true}]}}