{"id":3960,"date":"2026-01-12T10:03:30","date_gmt":"2026-01-12T09:03:30","guid":{"rendered":"https:\/\/www.radiomais.ao\/?p=3960"},"modified":"2026-01-12T10:03:30","modified_gmt":"2026-01-12T09:03:30","slug":"advogado-pede-mao-pesada-contra-agentes-do-estado-que-desrespeitam-a-lei","status":"publish","type":"post","link":"https:\/\/www.radiomais.ao\/index.php\/2026\/01\/12\/advogado-pede-mao-pesada-contra-agentes-do-estado-que-desrespeitam-a-lei\/","title":{"rendered":"Advogado pede \u201cm\u00e3o pesada\u201d contra agentes do estado que desrespeitam a lei."},"content":{"rendered":"\n<p><strong>O advogado Francisco Muteka defende que o estado deve responsabilizar de forma exemplar os seus funcion\u00e1rios que actuam no sector da justi\u00e7a e de investiga\u00e7\u00e3o criminal que viola a lei e apostar na forma\u00e7\u00e3o deles para respeitarem absolutamente os direitos fundamentais dos cidad\u00e3os<\/strong>.<\/p>\n\n\n\n<p>O caus\u00eddico manifestou acreditar que s\u00f3 com uma aposta s\u00e9ria neste sentido ser\u00e1 poss\u00edvel evitar deten\u00e7\u00f5es sem base legal, sustentadas em pressupostos fr\u00e1geis, factos deturpados e abusiva instrumentaliza\u00e7\u00e3o da autoridade policial, como aconteceu com o caso dos seus constituintes que foram detidos na sequ\u00eancia da greve dos taxistas contra a subida do pre\u00e7o dos combust\u00edveis.<\/p>\n\n\n\n<p>Para si, este processo que teve entre os detidos, desde Agosto \u00faltimo, os l\u00edderes das principais associa\u00e7\u00f5es e cooperativas de taxistas serve de um exemplo flagrante de deten\u00e7\u00e3o arbitr\u00e1ria, viola\u00e7\u00e3o das garantias constitucionais, uso desproporcional da for\u00e7a e desrespeito pelo devido processo legal.<\/p>\n\n\n\n<p>Raz\u00e3o pela qual considera que a soltura dos seus constituintes, ocorrida na passada quinta-feira, foi um acto de reposi\u00e7\u00e3o da legalidade, a reafirma\u00e7\u00e3o de que ningu\u00e9m est\u00e1 acima da lei e a prova de que o abuso do poder pode e deve ser travado.<\/p>\n","protected":false},"excerpt":{"rendered":"<p>O advogado Francisco Muteka defende que o estado deve responsabilizar de forma exemplar os seus funcion\u00e1rios que actuam no sector da justi\u00e7a e de investiga\u00e7\u00e3o criminal que viola a lei e apostar na forma\u00e7\u00e3o deles para respeitarem absolutamente os direitos fundamentais dos cidad\u00e3os. O caus\u00eddico manifestou acreditar que s\u00f3 com uma aposta s\u00e9ria neste sentido [&hellip;]<\/p>\n","protected":false},"author":3,"featured_media":3961,"comment_status":"open","ping_status":"open","sticky":false,"template":"","format":"standard","meta":{"footnotes":""},"categories":[16],"tags":[1618],"class_list":["post-3960","post","type-post","status-publish","format-standard","has-post-thumbnail","hentry","category-actualidade","tag-agentes-do-estado-que-desrespeitam-a-alei"],"blocksy_meta":[],"_links":{"self":[{"href":"https:\/\/www.radiomais.ao\/index.php\/wp-json\/wp\/v2\/posts\/3960","targetHints":{"allow":["GET"]}}],"collection":[{"href":"https:\/\/www.radiomais.ao\/index.php\/wp-json\/wp\/v2\/posts"}],"about":[{"href":"https:\/\/www.radiomais.ao\/index.php\/wp-json\/wp\/v2\/types\/post"}],"author":[{"embeddable":true,"href":"https:\/\/www.radiomais.ao\/index.php\/wp-json\/wp\/v2\/users\/3"}],"replies":[{"embeddable":true,"href":"https:\/\/www.radiomais.ao\/index.php\/wp-json\/wp\/v2\/comments?post=3960"}],"version-history":[{"count":1,"href":"https:\/\/www.radiomais.ao\/index.php\/wp-json\/wp\/v2\/posts\/3960\/revisions"}],"predecessor-version":[{"id":3962,"href":"https:\/\/www.radiomais.ao\/index.php\/wp-json\/wp\/v2\/posts\/3960\/revisions\/3962"}],"wp:featuredmedia":[{"embeddable":true,"href":"https:\/\/www.radiomais.ao\/index.php\/wp-json\/wp\/v2\/media\/3961"}],"wp:attachment":[{"href":"https:\/\/www.radiomais.ao\/index.php\/wp-json\/wp\/v2\/media?parent=3960"}],"wp:term":[{"taxonomy":"category","embeddable":true,"href":"https:\/\/www.radiomais.ao\/index.php\/wp-json\/wp\/v2\/categories?post=3960"},{"taxonomy":"post_tag","embeddable":true,"href":"https:\/\/www.radiomais.ao\/index.php\/wp-json\/wp\/v2\/tags?post=3960"}],"curies":[{"name":"wp","href":"https:\/\/api.w.org\/{rel}","templated":true}]}}