{"id":3963,"date":"2026-01-12T10:07:21","date_gmt":"2026-01-12T09:07:21","guid":{"rendered":"https:\/\/www.radiomais.ao\/?p=3963"},"modified":"2026-01-12T10:07:21","modified_gmt":"2026-01-12T09:07:21","slug":"governo-de-benguela-e-activistas-divergem-sobre-futuro-de-condominio-apreendido-pela-pgr","status":"publish","type":"post","link":"https:\/\/www.radiomais.ao\/index.php\/2026\/01\/12\/governo-de-benguela-e-activistas-divergem-sobre-futuro-de-condominio-apreendido-pela-pgr\/","title":{"rendered":"Governo de Benguela e activistas divergem sobre futuro de condom\u00ednio apreendido pela PGR."},"content":{"rendered":"\n<p><strong>Em meio a desconfian\u00e7as de alegada press\u00e3o institucional, um grupo de activistas, encabe\u00e7ado por Dino Calei, adiou a realiza\u00e7\u00e3o da vig\u00edlia, inicialmente marcada para dia 11 de Janeiro deste ano, com a necessidade de \u201credireccionamento\u201d. Governo de Benguela lembra que a urbaniza\u00e7\u00e3o \u201cAc\u00e1cias Rubras\u201d, para cuja constru\u00e7\u00e3o recaem suspeitas de terem sido usados fundos p\u00fablicos, est\u00e1 sob processo judicial e admite que o tribunal supremo lhe retirou a guarda dos im\u00f3veis a favor da empresa REMPROS, LDA<\/strong>.<\/p>\n\n\n\n<p>Activistas questionam a raz\u00e3o de um projecto daquela dimens\u00e3o, composto por sete blocos com 200 apartamentos, estar abandonado e a degradar-se, quando milhares de cidad\u00e3os n\u00e3o t\u00eam casa pr\u00f3pria. Eles previam uma s\u00e9rie de ac\u00e7\u00f5es reivindicativas, com destaque para manifesta\u00e7\u00f5es e vig\u00edlias, de modo a exigir que as autoridades judiciais e n\u00e3o s\u00f3 resolvam o programa do denominado projecto \u201cAc\u00e1cias Rubras\u201d, no munic\u00edpio dos Navegantes.<\/p>\n\n\n\n<p>Sob a bandeira da promo\u00e7\u00e3o do \u201cdi\u00e1logo p\u00fablico e sensibiliza\u00e7\u00e3o sobre o direito \u00e0 habita\u00e7\u00e3o\u201d, os activistas tinham solicitado ao Governo Provincial de Benguela esclarecimentos e, por conseguinte, sugeriam que se encontrasse uma solu\u00e7\u00e3o, face ao d\u00e9fice habitacional em Benguela.<\/p>\n","protected":false},"excerpt":{"rendered":"<p>Em meio a desconfian\u00e7as de alegada press\u00e3o institucional, um grupo de activistas, encabe\u00e7ado por Dino Calei, adiou a realiza\u00e7\u00e3o da vig\u00edlia, inicialmente marcada para dia 11 de Janeiro deste ano, com a necessidade de \u201credireccionamento\u201d. Governo de Benguela lembra que a urbaniza\u00e7\u00e3o \u201cAc\u00e1cias Rubras\u201d, para cuja constru\u00e7\u00e3o recaem suspeitas de terem sido usados fundos p\u00fablicos, [&hellip;]<\/p>\n","protected":false},"author":3,"featured_media":3964,"comment_status":"open","ping_status":"open","sticky":false,"template":"","format":"standard","meta":{"footnotes":""},"categories":[16],"tags":[1620,1619],"class_list":["post-3963","post","type-post","status-publish","format-standard","has-post-thumbnail","hentry","category-actualidade","tag-activistas","tag-governo-de-benguela"],"blocksy_meta":[],"_links":{"self":[{"href":"https:\/\/www.radiomais.ao\/index.php\/wp-json\/wp\/v2\/posts\/3963","targetHints":{"allow":["GET"]}}],"collection":[{"href":"https:\/\/www.radiomais.ao\/index.php\/wp-json\/wp\/v2\/posts"}],"about":[{"href":"https:\/\/www.radiomais.ao\/index.php\/wp-json\/wp\/v2\/types\/post"}],"author":[{"embeddable":true,"href":"https:\/\/www.radiomais.ao\/index.php\/wp-json\/wp\/v2\/users\/3"}],"replies":[{"embeddable":true,"href":"https:\/\/www.radiomais.ao\/index.php\/wp-json\/wp\/v2\/comments?post=3963"}],"version-history":[{"count":1,"href":"https:\/\/www.radiomais.ao\/index.php\/wp-json\/wp\/v2\/posts\/3963\/revisions"}],"predecessor-version":[{"id":3965,"href":"https:\/\/www.radiomais.ao\/index.php\/wp-json\/wp\/v2\/posts\/3963\/revisions\/3965"}],"wp:featuredmedia":[{"embeddable":true,"href":"https:\/\/www.radiomais.ao\/index.php\/wp-json\/wp\/v2\/media\/3964"}],"wp:attachment":[{"href":"https:\/\/www.radiomais.ao\/index.php\/wp-json\/wp\/v2\/media?parent=3963"}],"wp:term":[{"taxonomy":"category","embeddable":true,"href":"https:\/\/www.radiomais.ao\/index.php\/wp-json\/wp\/v2\/categories?post=3963"},{"taxonomy":"post_tag","embeddable":true,"href":"https:\/\/www.radiomais.ao\/index.php\/wp-json\/wp\/v2\/tags?post=3963"}],"curies":[{"name":"wp","href":"https:\/\/api.w.org\/{rel}","templated":true}]}}