{"id":3972,"date":"2026-01-12T10:25:39","date_gmt":"2026-01-12T09:25:39","guid":{"rendered":"https:\/\/www.radiomais.ao\/?p=3972"},"modified":"2026-01-12T10:25:39","modified_gmt":"2026-01-12T09:25:39","slug":"obras-do-parque-solar-do-cuango-concluidas-em-julho-deste-ano","status":"publish","type":"post","link":"https:\/\/www.radiomais.ao\/index.php\/2026\/01\/12\/obras-do-parque-solar-do-cuango-concluidas-em-julho-deste-ano\/","title":{"rendered":"Obras do Parque Solar do Cuango conclu\u00eddas em Julho deste ano."},"content":{"rendered":"\n<p>As obras de constru\u00e7\u00e3o do Parque Solar Fotovoltaico do Cuango, na prov\u00edncia da Lunda Norte, encontram-se em fase final e decorrem a bom ritmo, estando prevista a sua entrega \u00e0 popula\u00e7\u00e3o no m\u00eas de Julho do corrente ano, segundo informa\u00e7\u00f5es oficiais.<\/p>\n\n\n\n<p>O empreendimento energ\u00e9tico, considerado estrat\u00e9gico para o sector da energia, est\u00e1 projectado para uma pot\u00eancia instalada de 11,5 megawatts-pico (MWp), cuja produ\u00e7\u00e3o ser\u00e1 escoada por meio de uma linha de m\u00e9dia tens\u00e3o com cerca de 25 quil\u00f3metros de extens\u00e3o.<\/p>\n\n\n\n<p>Na primeira fase de opera\u00e7\u00e3o, o parque solar dever\u00e1 abastecer aproximadamente 9.500 resid\u00eancias, beneficiando milhares de habitantes da regi\u00e3o com acesso cont\u00ednuo \u00e0 energia el\u00e9ctrica, ao longo de 365 dias por ano.<\/p>\n\n\n\n<p>Trata-se de uma infraestrutura moderna e ambientalmente sustent\u00e1vel, que permitir\u00e1 ao Estado reduzir significativamente os custos com combust\u00edvel utilizado nas centrais t\u00e9rmicas, ao mesmo tempo que promove a utiliza\u00e7\u00e3o de fontes de energia limpa e renov\u00e1vel.<\/p>\n\n\n\n<p>Para al\u00e9m do impacto energ\u00e9tico, o projecto representa um importante impulso para o desenvolvimento socioecon\u00f3mico da Lunda Norte.<\/p>\n\n\n\n<p>A disponibilidade de energia permanente tende a elevar o padr\u00e3o de vida da popula\u00e7\u00e3o local e a criar condi\u00e7\u00f5es favor\u00e1veis para a dinamiza\u00e7\u00e3o de sectores estrat\u00e9gicos como a ind\u00fastria, minera\u00e7\u00e3o, agricultura e pecu\u00e1ria, fomentando a cria\u00e7\u00e3o de empregos e o crescimento sustent\u00e1vel da economia regional.<\/p>\n\n\n\n<p>O Parque Solar Fotovoltaico do Cuango insere-se, assim, na estrat\u00e9gia do Executivo de expans\u00e3o da matriz energ\u00e9tica nacional e de melhoria da qualidade de vida das popula\u00e7\u00f5es, reafirmando o compromisso do Governo com o desenvolvimento sustent\u00e1vel e inclusivo do pa\u00eds.<\/p>\n","protected":false},"excerpt":{"rendered":"<p>As obras de constru\u00e7\u00e3o do Parque Solar Fotovoltaico do Cuango, na prov\u00edncia da Lunda Norte, encontram-se em fase final e decorrem a bom ritmo, estando prevista a sua entrega \u00e0 popula\u00e7\u00e3o no m\u00eas de Julho do corrente ano, segundo informa\u00e7\u00f5es oficiais. O empreendimento energ\u00e9tico, considerado estrat\u00e9gico para o sector da energia, est\u00e1 projectado para uma [&hellip;]<\/p>\n","protected":false},"author":3,"featured_media":3973,"comment_status":"open","ping_status":"open","sticky":false,"template":"","format":"standard","meta":{"footnotes":""},"categories":[16],"tags":[1624,1623],"class_list":["post-3972","post","type-post","status-publish","format-standard","has-post-thumbnail","hentry","category-actualidade","tag-concluida-em-julho","tag-parque-solar-do-cuando"],"blocksy_meta":[],"_links":{"self":[{"href":"https:\/\/www.radiomais.ao\/index.php\/wp-json\/wp\/v2\/posts\/3972","targetHints":{"allow":["GET"]}}],"collection":[{"href":"https:\/\/www.radiomais.ao\/index.php\/wp-json\/wp\/v2\/posts"}],"about":[{"href":"https:\/\/www.radiomais.ao\/index.php\/wp-json\/wp\/v2\/types\/post"}],"author":[{"embeddable":true,"href":"https:\/\/www.radiomais.ao\/index.php\/wp-json\/wp\/v2\/users\/3"}],"replies":[{"embeddable":true,"href":"https:\/\/www.radiomais.ao\/index.php\/wp-json\/wp\/v2\/comments?post=3972"}],"version-history":[{"count":1,"href":"https:\/\/www.radiomais.ao\/index.php\/wp-json\/wp\/v2\/posts\/3972\/revisions"}],"predecessor-version":[{"id":3974,"href":"https:\/\/www.radiomais.ao\/index.php\/wp-json\/wp\/v2\/posts\/3972\/revisions\/3974"}],"wp:featuredmedia":[{"embeddable":true,"href":"https:\/\/www.radiomais.ao\/index.php\/wp-json\/wp\/v2\/media\/3973"}],"wp:attachment":[{"href":"https:\/\/www.radiomais.ao\/index.php\/wp-json\/wp\/v2\/media?parent=3972"}],"wp:term":[{"taxonomy":"category","embeddable":true,"href":"https:\/\/www.radiomais.ao\/index.php\/wp-json\/wp\/v2\/categories?post=3972"},{"taxonomy":"post_tag","embeddable":true,"href":"https:\/\/www.radiomais.ao\/index.php\/wp-json\/wp\/v2\/tags?post=3972"}],"curies":[{"name":"wp","href":"https:\/\/api.w.org\/{rel}","templated":true}]}}