{"id":3975,"date":"2026-01-12T10:30:20","date_gmt":"2026-01-12T09:30:20","guid":{"rendered":"https:\/\/www.radiomais.ao\/?p=3975"},"modified":"2026-01-12T10:30:20","modified_gmt":"2026-01-12T09:30:20","slug":"estadio-nacional-vicy-antonio-pode-ser-palco-do-can-em-sub-17-no-proximo-ano","status":"publish","type":"post","link":"https:\/\/www.radiomais.ao\/index.php\/2026\/01\/12\/estadio-nacional-vicy-antonio-pode-ser-palco-do-can-em-sub-17-no-proximo-ano\/","title":{"rendered":"Est\u00e1dio Nacional Vicy Ant\u00f3nio pode ser palco do CAN em sub-17 no pr\u00f3ximo ano."},"content":{"rendered":"\n<p><strong>O recinto, que est\u00e1 localizado na prov\u00edncia do U\u00edge, ser\u00e1 inspeccionado no dia 19 deste m\u00eas, por uma delega\u00e7\u00e3o da confedera\u00e7\u00e3o Africana de futebol (CAF), segundo um documento do \u00f3rg\u00e3o que rege a modalidade no pa\u00eds<\/strong>.<\/p>\n\n\n\n<p>O Est\u00e1dio Nacional Vicy Ant\u00f3nio, com capacidade para albergar 10 mil espectadores, poder\u00e1 ser palco de alguns jogos do Campeonato Africano das Na\u00e7\u00f5es (CAN) em Sub-17 masculino, prova que Angola tenciona organizar em 2027, avan\u00e7ou a R\u00e1dio U\u00edge, do grupo da RNA.<\/p>\n\n\n\n<p>A infra-estrutura constru\u00edda de raiz na zona da Centralidade Novo Horizonte do Quilomosso, com padr\u00f5es CAF e FIFA, figura no leque de recintos desportivos que a FAF pretende apresentar \u00e0 Confedera\u00e7\u00e3o, como proposta para a realiza\u00e7\u00e3o dos jogos.<\/p>\n\n\n\n<p>O Est\u00e1dio Vicy Ant\u00f3nio, inaugurado a 03 de Novembro do ano passado pelo ministro da Juventude e Desportos, dever\u00e1 ser inspeccionado no dia 19 deste m\u00eas por uma delega\u00e7\u00e3o da CAF liderada por Yasmine El Ehwany (S\u00e9nior Manager \u2013 Youth Competitions da Confedera\u00e7\u00e3o).<\/p>\n","protected":false},"excerpt":{"rendered":"<p>O recinto, que est\u00e1 localizado na prov\u00edncia do U\u00edge, ser\u00e1 inspeccionado no dia 19 deste m\u00eas, por uma delega\u00e7\u00e3o da confedera\u00e7\u00e3o Africana de futebol (CAF), segundo um documento do \u00f3rg\u00e3o que rege a modalidade no pa\u00eds. O Est\u00e1dio Nacional Vicy Ant\u00f3nio, com capacidade para albergar 10 mil espectadores, poder\u00e1 ser palco de alguns jogos do [&hellip;]<\/p>\n","protected":false},"author":3,"featured_media":3976,"comment_status":"open","ping_status":"open","sticky":false,"template":"","format":"standard","meta":{"footnotes":""},"categories":[16],"tags":[1625],"class_list":["post-3975","post","type-post","status-publish","format-standard","has-post-thumbnail","hentry","category-actualidade","tag-estadio-nacional-vicky-antonio"],"blocksy_meta":[],"_links":{"self":[{"href":"https:\/\/www.radiomais.ao\/index.php\/wp-json\/wp\/v2\/posts\/3975","targetHints":{"allow":["GET"]}}],"collection":[{"href":"https:\/\/www.radiomais.ao\/index.php\/wp-json\/wp\/v2\/posts"}],"about":[{"href":"https:\/\/www.radiomais.ao\/index.php\/wp-json\/wp\/v2\/types\/post"}],"author":[{"embeddable":true,"href":"https:\/\/www.radiomais.ao\/index.php\/wp-json\/wp\/v2\/users\/3"}],"replies":[{"embeddable":true,"href":"https:\/\/www.radiomais.ao\/index.php\/wp-json\/wp\/v2\/comments?post=3975"}],"version-history":[{"count":1,"href":"https:\/\/www.radiomais.ao\/index.php\/wp-json\/wp\/v2\/posts\/3975\/revisions"}],"predecessor-version":[{"id":3977,"href":"https:\/\/www.radiomais.ao\/index.php\/wp-json\/wp\/v2\/posts\/3975\/revisions\/3977"}],"wp:featuredmedia":[{"embeddable":true,"href":"https:\/\/www.radiomais.ao\/index.php\/wp-json\/wp\/v2\/media\/3976"}],"wp:attachment":[{"href":"https:\/\/www.radiomais.ao\/index.php\/wp-json\/wp\/v2\/media?parent=3975"}],"wp:term":[{"taxonomy":"category","embeddable":true,"href":"https:\/\/www.radiomais.ao\/index.php\/wp-json\/wp\/v2\/categories?post=3975"},{"taxonomy":"post_tag","embeddable":true,"href":"https:\/\/www.radiomais.ao\/index.php\/wp-json\/wp\/v2\/tags?post=3975"}],"curies":[{"name":"wp","href":"https:\/\/api.w.org\/{rel}","templated":true}]}}