{"id":3982,"date":"2026-01-13T08:31:03","date_gmt":"2026-01-13T07:31:03","guid":{"rendered":"https:\/\/www.radiomais.ao\/?p=3982"},"modified":"2026-01-13T08:31:03","modified_gmt":"2026-01-13T07:31:03","slug":"presidente-da-republica-constata-andamento-das-obras-da-refinaria-do-lobito","status":"publish","type":"post","link":"https:\/\/www.radiomais.ao\/index.php\/2026\/01\/13\/presidente-da-republica-constata-andamento-das-obras-da-refinaria-do-lobito\/","title":{"rendered":"Presidente da Rep\u00fablica constata andamento das obras da Refinaria do Lobito."},"content":{"rendered":"\n<p><strong>O Presidente da Rep\u00fablica, Jo\u00e3o Louren\u00e7o, visita, nesta Ter\u00e7a-feira, 13, a Refinaria do Lobito, aquela que \u00e9 o maior projecto desse segmento, com uma capacidade de refina\u00e7\u00e3o estimada em 200 mil barris de petr\u00f3leo ao dia. Economista Jos\u00e9 Sapi fala em \u201cvisita\u201d estrat\u00e9gica, no que se refere \u00e0 vis\u00e3o do Executivo angolano para autossufici\u00eancia de refina\u00e7\u00e3o<\/strong>. Ler mais em <strong><em><a href=\"https:\/\/www.opais.ao\/politica\/presidente-da-republica-constata-andamento-das-obras-da-refinaria-do-lobito\/\">Opa\u00eds<\/a><\/em><\/strong><\/p>\n","protected":false},"excerpt":{"rendered":"<p>O Presidente da Rep\u00fablica, Jo\u00e3o Louren\u00e7o, visita, nesta Ter\u00e7a-feira, 13, a Refinaria do Lobito, aquela que \u00e9 o maior projecto desse segmento, com uma capacidade de refina\u00e7\u00e3o estimada em 200 mil barris de petr\u00f3leo ao dia. Economista Jos\u00e9 Sapi fala em \u201cvisita\u201d estrat\u00e9gica, no que se refere \u00e0 vis\u00e3o do Executivo angolano para autossufici\u00eancia de [&hellip;]<\/p>\n","protected":false},"author":3,"featured_media":3983,"comment_status":"open","ping_status":"open","sticky":false,"template":"","format":"standard","meta":{"footnotes":""},"categories":[16],"tags":[1034,1627],"class_list":["post-3982","post","type-post","status-publish","format-standard","has-post-thumbnail","hentry","category-actualidade","tag-corredor-do-lobito","tag-pr-constata-obras"],"blocksy_meta":[],"_links":{"self":[{"href":"https:\/\/www.radiomais.ao\/index.php\/wp-json\/wp\/v2\/posts\/3982","targetHints":{"allow":["GET"]}}],"collection":[{"href":"https:\/\/www.radiomais.ao\/index.php\/wp-json\/wp\/v2\/posts"}],"about":[{"href":"https:\/\/www.radiomais.ao\/index.php\/wp-json\/wp\/v2\/types\/post"}],"author":[{"embeddable":true,"href":"https:\/\/www.radiomais.ao\/index.php\/wp-json\/wp\/v2\/users\/3"}],"replies":[{"embeddable":true,"href":"https:\/\/www.radiomais.ao\/index.php\/wp-json\/wp\/v2\/comments?post=3982"}],"version-history":[{"count":1,"href":"https:\/\/www.radiomais.ao\/index.php\/wp-json\/wp\/v2\/posts\/3982\/revisions"}],"predecessor-version":[{"id":3984,"href":"https:\/\/www.radiomais.ao\/index.php\/wp-json\/wp\/v2\/posts\/3982\/revisions\/3984"}],"wp:featuredmedia":[{"embeddable":true,"href":"https:\/\/www.radiomais.ao\/index.php\/wp-json\/wp\/v2\/media\/3983"}],"wp:attachment":[{"href":"https:\/\/www.radiomais.ao\/index.php\/wp-json\/wp\/v2\/media?parent=3982"}],"wp:term":[{"taxonomy":"category","embeddable":true,"href":"https:\/\/www.radiomais.ao\/index.php\/wp-json\/wp\/v2\/categories?post=3982"},{"taxonomy":"post_tag","embeddable":true,"href":"https:\/\/www.radiomais.ao\/index.php\/wp-json\/wp\/v2\/tags?post=3982"}],"curies":[{"name":"wp","href":"https:\/\/api.w.org\/{rel}","templated":true}]}}