{"id":3987,"date":"2026-01-13T09:27:38","date_gmt":"2026-01-13T08:27:38","guid":{"rendered":"https:\/\/www.radiomais.ao\/?p=3987"},"modified":"2026-01-13T09:27:38","modified_gmt":"2026-01-13T08:27:38","slug":"uniao-africana-prepara-39-a-sessao-ordinaria-para-empossamento-da-nova-presidencia","status":"publish","type":"post","link":"https:\/\/www.radiomais.ao\/index.php\/2026\/01\/13\/uniao-africana-prepara-39-a-sessao-ordinaria-para-empossamento-da-nova-presidencia\/","title":{"rendered":"Uni\u00e3o Africana prepara 39.\u00aa Sess\u00e3o Ordin\u00e1ria para empossamento da nova Presid\u00eancia."},"content":{"rendered":"\n<p><strong>A 39.\u00aa Sess\u00e3o Ordin\u00e1ria da Confer\u00eancia de Chefes de Estado e de Governo da Uni\u00e3o Africana acontece de 14 a 15 de Fevereiro de 2026. O evento vai culminar com a tomada de posse da nova Presid\u00eancia rotativa da Uni\u00e3o Africana, cessando desta forma o mandato da Rep\u00fablica de Angola na lideran\u00e7a da organiza\u00e7\u00e3o, que tem \u00e0 testa Jo\u00e3o Louren\u00e7o<\/strong>. Ler mais em <strong><em><a href=\"https:\/\/www.opais.ao\/politica\/uniao-africana-prepara-39-a-sessao-ordinaria-para-empossamento-da-nova-presidencia\/\">Opa\u00eds<\/a><\/em><\/strong><\/p>\n","protected":false},"excerpt":{"rendered":"<p>A 39.\u00aa Sess\u00e3o Ordin\u00e1ria da Confer\u00eancia de Chefes de Estado e de Governo da Uni\u00e3o Africana acontece de 14 a 15 de Fevereiro de 2026. O evento vai culminar com a tomada de posse da nova Presid\u00eancia rotativa da Uni\u00e3o Africana, cessando desta forma o mandato da Rep\u00fablica de Angola na lideran\u00e7a da organiza\u00e7\u00e3o, que [&hellip;]<\/p>\n","protected":false},"author":3,"featured_media":3988,"comment_status":"open","ping_status":"open","sticky":false,"template":"","format":"standard","meta":{"footnotes":""},"categories":[16],"tags":[1628,1542],"class_list":["post-3987","post","type-post","status-publish","format-standard","has-post-thumbnail","hentry","category-actualidade","tag-39o-sessao-ordinarai","tag-uniao-africana"],"blocksy_meta":[],"_links":{"self":[{"href":"https:\/\/www.radiomais.ao\/index.php\/wp-json\/wp\/v2\/posts\/3987","targetHints":{"allow":["GET"]}}],"collection":[{"href":"https:\/\/www.radiomais.ao\/index.php\/wp-json\/wp\/v2\/posts"}],"about":[{"href":"https:\/\/www.radiomais.ao\/index.php\/wp-json\/wp\/v2\/types\/post"}],"author":[{"embeddable":true,"href":"https:\/\/www.radiomais.ao\/index.php\/wp-json\/wp\/v2\/users\/3"}],"replies":[{"embeddable":true,"href":"https:\/\/www.radiomais.ao\/index.php\/wp-json\/wp\/v2\/comments?post=3987"}],"version-history":[{"count":1,"href":"https:\/\/www.radiomais.ao\/index.php\/wp-json\/wp\/v2\/posts\/3987\/revisions"}],"predecessor-version":[{"id":3989,"href":"https:\/\/www.radiomais.ao\/index.php\/wp-json\/wp\/v2\/posts\/3987\/revisions\/3989"}],"wp:featuredmedia":[{"embeddable":true,"href":"https:\/\/www.radiomais.ao\/index.php\/wp-json\/wp\/v2\/media\/3988"}],"wp:attachment":[{"href":"https:\/\/www.radiomais.ao\/index.php\/wp-json\/wp\/v2\/media?parent=3987"}],"wp:term":[{"taxonomy":"category","embeddable":true,"href":"https:\/\/www.radiomais.ao\/index.php\/wp-json\/wp\/v2\/categories?post=3987"},{"taxonomy":"post_tag","embeddable":true,"href":"https:\/\/www.radiomais.ao\/index.php\/wp-json\/wp\/v2\/tags?post=3987"}],"curies":[{"name":"wp","href":"https:\/\/api.w.org\/{rel}","templated":true}]}}