{"id":3993,"date":"2026-01-13T09:34:09","date_gmt":"2026-01-13T08:34:09","guid":{"rendered":"https:\/\/www.radiomais.ao\/?p=3993"},"modified":"2026-01-13T09:34:09","modified_gmt":"2026-01-13T08:34:09","slug":"organizacoes-de-pessoas-com-deficiencia-recebem-capacitacao-do-unicef","status":"publish","type":"post","link":"https:\/\/www.radiomais.ao\/index.php\/2026\/01\/13\/organizacoes-de-pessoas-com-deficiencia-recebem-capacitacao-do-unicef\/","title":{"rendered":"Organiza\u00e7\u00f5es de pessoas com defici\u00eancia recebem capacita\u00e7\u00e3o do UNICEF."},"content":{"rendered":"\n<p><strong>O UNICEF iniciou ontem, 12 de Janeiro, uma ac\u00e7\u00e3o de capacita\u00e7\u00e3o para fortalecer as Organiza\u00e7\u00f5es de Pessoas com Defici\u00eancia (OPD) em Angola, visando influenciar pol\u00edticas p\u00fablicas e promover os direitos das crian\u00e7as com defici\u00eancia<\/strong>.<\/p>\n\n\n\n<p>A iniciativa surge como uma forma de criar uma Angola verdadeiramente inclusiva. De acordo com Louise Daniels, chefe de pol\u00edticas sociais e protec\u00e7\u00e3o social do UNICEF, ao longo desses anos, identificaram em conjunto que existem v\u00e1rias lacunas de conhe- cimento sobre os instrumentos internacionais que regem a quest\u00e3o da defici\u00eancia.<\/p>\n\n\n\n<p>O impacto esperado \u00e9 que as organiza\u00e7\u00f5es de pessoas com defici\u00eancia estejam cada vez mais fortalecidas na sua capacidade de dialogar com o Governo, com o parlamento, bem como de trazer aquilo que s\u00e3o os temas importantes para si, importantes para a crian\u00e7a, capacit\u00e1-las, e dot\u00e1-las de mais ideias de apoio \u00e0s crian\u00e7as com defici\u00eancia.<\/p>\n\n\n\n<p>Sobre a situa\u00e7\u00e3o das crian\u00e7as com defici\u00eancia em Angola, Louise Daniels informou que o pa\u00eds est\u00e1 a produzir um relat\u00f3rio espec\u00edfico sobre crian\u00e7as com defici\u00eancia, com dados do Censo de 2024 e do Inqu\u00e9rito de Indicadores M\u00faltiplos de Sa\u00fade. \u201cEstamos agora num processo de produzir um relat\u00f3rio. Ent\u00e3o, pela primeira vez, Angola ter\u00e1 um relat\u00f3rio produzido pelo INE especificamente sobre a crian\u00e7a com defici\u00eancia\u201d, sustenta<\/p>\n","protected":false},"excerpt":{"rendered":"<p>O UNICEF iniciou ontem, 12 de Janeiro, uma ac\u00e7\u00e3o de capacita\u00e7\u00e3o para fortalecer as Organiza\u00e7\u00f5es de Pessoas com Defici\u00eancia (OPD) em Angola, visando influenciar pol\u00edticas p\u00fablicas e promover os direitos das crian\u00e7as com defici\u00eancia. A iniciativa surge como uma forma de criar uma Angola verdadeiramente inclusiva. De acordo com Louise Daniels, chefe de pol\u00edticas sociais [&hellip;]<\/p>\n","protected":false},"author":3,"featured_media":3994,"comment_status":"open","ping_status":"open","sticky":false,"template":"","format":"standard","meta":{"footnotes":""},"categories":[16],"tags":[1630,937],"class_list":["post-3993","post","type-post","status-publish","format-standard","has-post-thumbnail","hentry","category-actualidade","tag-organizacao-de-pessoas-com-deficiencia","tag-unicef"],"blocksy_meta":[],"_links":{"self":[{"href":"https:\/\/www.radiomais.ao\/index.php\/wp-json\/wp\/v2\/posts\/3993","targetHints":{"allow":["GET"]}}],"collection":[{"href":"https:\/\/www.radiomais.ao\/index.php\/wp-json\/wp\/v2\/posts"}],"about":[{"href":"https:\/\/www.radiomais.ao\/index.php\/wp-json\/wp\/v2\/types\/post"}],"author":[{"embeddable":true,"href":"https:\/\/www.radiomais.ao\/index.php\/wp-json\/wp\/v2\/users\/3"}],"replies":[{"embeddable":true,"href":"https:\/\/www.radiomais.ao\/index.php\/wp-json\/wp\/v2\/comments?post=3993"}],"version-history":[{"count":1,"href":"https:\/\/www.radiomais.ao\/index.php\/wp-json\/wp\/v2\/posts\/3993\/revisions"}],"predecessor-version":[{"id":3995,"href":"https:\/\/www.radiomais.ao\/index.php\/wp-json\/wp\/v2\/posts\/3993\/revisions\/3995"}],"wp:featuredmedia":[{"embeddable":true,"href":"https:\/\/www.radiomais.ao\/index.php\/wp-json\/wp\/v2\/media\/3994"}],"wp:attachment":[{"href":"https:\/\/www.radiomais.ao\/index.php\/wp-json\/wp\/v2\/media?parent=3993"}],"wp:term":[{"taxonomy":"category","embeddable":true,"href":"https:\/\/www.radiomais.ao\/index.php\/wp-json\/wp\/v2\/categories?post=3993"},{"taxonomy":"post_tag","embeddable":true,"href":"https:\/\/www.radiomais.ao\/index.php\/wp-json\/wp\/v2\/tags?post=3993"}],"curies":[{"name":"wp","href":"https:\/\/api.w.org\/{rel}","templated":true}]}}