{"id":3996,"date":"2026-01-13T09:36:49","date_gmt":"2026-01-13T08:36:49","guid":{"rendered":"https:\/\/www.radiomais.ao\/?p=3996"},"modified":"2026-01-13T09:36:49","modified_gmt":"2026-01-13T08:36:49","slug":"sebastiao-lino-e-o-novo-pca-da-radio-nacional-de-angola","status":"publish","type":"post","link":"https:\/\/www.radiomais.ao\/index.php\/2026\/01\/13\/sebastiao-lino-e-o-novo-pca-da-radio-nacional-de-angola\/","title":{"rendered":"Sebasti\u00e3o Lino \u00e9 o novo PCA da R\u00e1dio Nacional de Angola."},"content":{"rendered":"\n<p>O Presidente da Rep\u00fablica, Jo\u00e3o Manuel Gon\u00e7alves Louren\u00e7o, nomeou Ant\u00f3nio Sebasti\u00e3o Lino para o cargo de presidente do Conselho de Administra\u00e7\u00e3o da Empresa P\u00fablica Radiodifus\u00e3o Nacional de Angola (RNA-EP), no quadro de altera\u00e7\u00f5es na direc\u00e7\u00e3o da institui\u00e7\u00e3o. Ler mais em <strong><em><a href=\"https:\/\/www.opais.ao\/ultimas_hora\/sebastiao-lino-e-o-novo-pca-da-radio-nacional-de-angola\/\">Opa\u00eds<\/a><\/em><\/strong><\/p>\n","protected":false},"excerpt":{"rendered":"<p>O Presidente da Rep\u00fablica, Jo\u00e3o Manuel Gon\u00e7alves Louren\u00e7o, nomeou Ant\u00f3nio Sebasti\u00e3o Lino para o cargo de presidente do Conselho de Administra\u00e7\u00e3o da Empresa P\u00fablica Radiodifus\u00e3o Nacional de Angola (RNA-EP), no quadro de altera\u00e7\u00f5es na direc\u00e7\u00e3o da institui\u00e7\u00e3o. Ler mais em Opa\u00eds<\/p>\n","protected":false},"author":3,"featured_media":3997,"comment_status":"open","ping_status":"open","sticky":false,"template":"","format":"standard","meta":{"footnotes":""},"categories":[16],"tags":[714,1631],"class_list":["post-3996","post","type-post","status-publish","format-standard","has-post-thumbnail","hentry","category-actualidade","tag-pca","tag-rna"],"blocksy_meta":[],"_links":{"self":[{"href":"https:\/\/www.radiomais.ao\/index.php\/wp-json\/wp\/v2\/posts\/3996","targetHints":{"allow":["GET"]}}],"collection":[{"href":"https:\/\/www.radiomais.ao\/index.php\/wp-json\/wp\/v2\/posts"}],"about":[{"href":"https:\/\/www.radiomais.ao\/index.php\/wp-json\/wp\/v2\/types\/post"}],"author":[{"embeddable":true,"href":"https:\/\/www.radiomais.ao\/index.php\/wp-json\/wp\/v2\/users\/3"}],"replies":[{"embeddable":true,"href":"https:\/\/www.radiomais.ao\/index.php\/wp-json\/wp\/v2\/comments?post=3996"}],"version-history":[{"count":1,"href":"https:\/\/www.radiomais.ao\/index.php\/wp-json\/wp\/v2\/posts\/3996\/revisions"}],"predecessor-version":[{"id":3998,"href":"https:\/\/www.radiomais.ao\/index.php\/wp-json\/wp\/v2\/posts\/3996\/revisions\/3998"}],"wp:featuredmedia":[{"embeddable":true,"href":"https:\/\/www.radiomais.ao\/index.php\/wp-json\/wp\/v2\/media\/3997"}],"wp:attachment":[{"href":"https:\/\/www.radiomais.ao\/index.php\/wp-json\/wp\/v2\/media?parent=3996"}],"wp:term":[{"taxonomy":"category","embeddable":true,"href":"https:\/\/www.radiomais.ao\/index.php\/wp-json\/wp\/v2\/categories?post=3996"},{"taxonomy":"post_tag","embeddable":true,"href":"https:\/\/www.radiomais.ao\/index.php\/wp-json\/wp\/v2\/tags?post=3996"}],"curies":[{"name":"wp","href":"https:\/\/api.w.org\/{rel}","templated":true}]}}