{"id":4002,"date":"2026-01-13T09:51:48","date_gmt":"2026-01-13T08:51:48","guid":{"rendered":"https:\/\/www.radiomais.ao\/?p=4002"},"modified":"2026-01-13T09:51:48","modified_gmt":"2026-01-13T08:51:48","slug":"implicados-no-caso-agt-comecam-a-ser-julgados-nesta-semana","status":"publish","type":"post","link":"https:\/\/www.radiomais.ao\/index.php\/2026\/01\/13\/implicados-no-caso-agt-comecam-a-ser-julgados-nesta-semana\/","title":{"rendered":"Implicados no \u201ccaso AGT\u201d come\u00e7am a ser julgados nesta semana."},"content":{"rendered":"\n<p>Os cidad\u00e3os implicados no desvio de mais de 100 mil milh\u00f5es de kwanzas, conhecido como o \u201ccaso AGT\u201d, come\u00e7am a ser julgados esta semana.<\/p>\n\n\n\n<p>Segundo informa\u00e7\u00f5es obtidas  o processo, que envolve mais de 30 arguidos, entre eles funcion\u00e1rios da institui\u00e7\u00e3o ligada ao Minist\u00e9rio das Finan\u00e7as, vai decorrer no Tribunal da Comarca de Viana.<\/p>\n\n\n\n<p>Trata-se de um dos maiores esc\u00e2ndalos de corrup\u00e7\u00e3o financeira registados em Angola nos \u00faltimos anos.<\/p>\n\n\n\n<p>De acordo com o Minist\u00e9rio P\u00fablico, os r\u00e9us cometeram crimes como peculato, falsidade inform\u00e1tica, acesso ileg\u00edtimo a sistemas e branqueamento de capitais, beneficiando empresas por meio de factura\u00e7\u00e3o falsa, redu\u00e7\u00e3o indevida de d\u00edvidas fiscais e emiss\u00e3o irregular de notas.<\/p>\n\n\n\n<p>O esquema ter\u00e1 ocorrido entre 2021 e 2025 e envolveu manobras complexas no Sistema Integrado de Gest\u00e3o Tribut\u00e1ria (SIGT).<\/p>\n","protected":false},"excerpt":{"rendered":"<p>Os cidad\u00e3os implicados no desvio de mais de 100 mil milh\u00f5es de kwanzas, conhecido como o \u201ccaso AGT\u201d, come\u00e7am a ser julgados esta semana. Segundo informa\u00e7\u00f5es obtidas o processo, que envolve mais de 30 arguidos, entre eles funcion\u00e1rios da institui\u00e7\u00e3o ligada ao Minist\u00e9rio das Finan\u00e7as, vai decorrer no Tribunal da Comarca de Viana. Trata-se de [&hellip;]<\/p>\n","protected":false},"author":3,"featured_media":4003,"comment_status":"open","ping_status":"open","sticky":false,"template":"","format":"standard","meta":{"footnotes":""},"categories":[16],"tags":[1633],"class_list":["post-4002","post","type-post","status-publish","format-standard","has-post-thumbnail","hentry","category-actualidade","tag-implicados-no-caso-agt-comecam-a-ser-julgados-nesta-semana"],"blocksy_meta":[],"_links":{"self":[{"href":"https:\/\/www.radiomais.ao\/index.php\/wp-json\/wp\/v2\/posts\/4002","targetHints":{"allow":["GET"]}}],"collection":[{"href":"https:\/\/www.radiomais.ao\/index.php\/wp-json\/wp\/v2\/posts"}],"about":[{"href":"https:\/\/www.radiomais.ao\/index.php\/wp-json\/wp\/v2\/types\/post"}],"author":[{"embeddable":true,"href":"https:\/\/www.radiomais.ao\/index.php\/wp-json\/wp\/v2\/users\/3"}],"replies":[{"embeddable":true,"href":"https:\/\/www.radiomais.ao\/index.php\/wp-json\/wp\/v2\/comments?post=4002"}],"version-history":[{"count":1,"href":"https:\/\/www.radiomais.ao\/index.php\/wp-json\/wp\/v2\/posts\/4002\/revisions"}],"predecessor-version":[{"id":4004,"href":"https:\/\/www.radiomais.ao\/index.php\/wp-json\/wp\/v2\/posts\/4002\/revisions\/4004"}],"wp:featuredmedia":[{"embeddable":true,"href":"https:\/\/www.radiomais.ao\/index.php\/wp-json\/wp\/v2\/media\/4003"}],"wp:attachment":[{"href":"https:\/\/www.radiomais.ao\/index.php\/wp-json\/wp\/v2\/media?parent=4002"}],"wp:term":[{"taxonomy":"category","embeddable":true,"href":"https:\/\/www.radiomais.ao\/index.php\/wp-json\/wp\/v2\/categories?post=4002"},{"taxonomy":"post_tag","embeddable":true,"href":"https:\/\/www.radiomais.ao\/index.php\/wp-json\/wp\/v2\/tags?post=4002"}],"curies":[{"name":"wp","href":"https:\/\/api.w.org\/{rel}","templated":true}]}}