{"id":4011,"date":"2026-01-14T08:10:44","date_gmt":"2026-01-14T07:10:44","guid":{"rendered":"https:\/\/www.radiomais.ao\/?p=4011"},"modified":"2026-01-14T08:10:44","modified_gmt":"2026-01-14T07:10:44","slug":"presidente-da-republica-avalia-evolucao-das-obras-da-refinaria-do-lobito","status":"publish","type":"post","link":"https:\/\/www.radiomais.ao\/index.php\/2026\/01\/14\/presidente-da-republica-avalia-evolucao-das-obras-da-refinaria-do-lobito\/","title":{"rendered":"Presidente da Rep\u00fablica avalia evolu\u00e7\u00e3o das obras da Refinaria do Lobito."},"content":{"rendered":"\n<p><strong>O Presidente da Rep\u00fablica, Jo\u00e3o Louren\u00e7o, esteve, nesta Ter\u00e7a-feira, 14, durante algumas horas, a avaliar a evolu\u00e7\u00e3o das obras de constru\u00e7\u00e3o do projecto de refinaria do Lobito, para o qual a Sonangol, conforme explica\u00e7\u00f5es prestadas ao Chefe de Estado, j\u00e1 gastou 1,4 mil milh\u00f5es de d\u00f3lares. Jo\u00e3o Louren\u00e7o andou por v\u00e1rias depend\u00eancias do empreendimento, recebendo do engenheiro Guiomaro Correia, director do projecto, explica\u00e7\u00f5es t\u00e9cnicas que se acharam necess\u00e1rias<\/strong>.<\/p>\n\n\n\n<p>Depois de ter assistido a um v\u00eddeo institucional, no qual se podia ver as etapas por que o projecto passou at\u00e9 chegar aos 23 por cento do n\u00edvel de execu\u00e7\u00e3o, visitou as obras. Ao longo do percurso, PR recebeu as explica\u00e7\u00f5es t\u00e9cnicas que se impunham.<\/p>\n\n\n\n<p>Jo\u00e3o Louren\u00e7o esteve no miradouro, onde lhe foi poss\u00edvel ter uma vis\u00e3o panor\u00e2mica do empreendimento, e desceu para a zona reservada aos tanques de armazena mento. O Presidente da Rep\u00fablica foi informado de que o projecto ser\u00e1 concluso em 2029. Ler mais em <strong><em><a href=\"https:\/\/www.opais.ao\/politica\/presidente-da-republica-avalia-evolucao-das-obras-da-refinaria-do-lobito-com-gastos-acima-de-1-biliao-de-dolares-americanos\/\">Opa\u00eds<\/a><\/em><\/strong><\/p>\n\n\n\n<p><\/p>\n","protected":false},"excerpt":{"rendered":"<p>O Presidente da Rep\u00fablica, Jo\u00e3o Louren\u00e7o, esteve, nesta Ter\u00e7a-feira, 14, durante algumas horas, a avaliar a evolu\u00e7\u00e3o das obras de constru\u00e7\u00e3o do projecto de refinaria do Lobito, para o qual a Sonangol, conforme explica\u00e7\u00f5es prestadas ao Chefe de Estado, j\u00e1 gastou 1,4 mil milh\u00f5es de d\u00f3lares. Jo\u00e3o Louren\u00e7o andou por v\u00e1rias depend\u00eancias do empreendimento, recebendo [&hellip;]<\/p>\n","protected":false},"author":3,"featured_media":4012,"comment_status":"open","ping_status":"open","sticky":false,"template":"","format":"standard","meta":{"footnotes":""},"categories":[16],"tags":[1637,132],"class_list":["post-4011","post","type-post","status-publish","format-standard","has-post-thumbnail","hentry","category-actualidade","tag-obras-na-refinaria-do-lobito","tag-pr"],"blocksy_meta":[],"_links":{"self":[{"href":"https:\/\/www.radiomais.ao\/index.php\/wp-json\/wp\/v2\/posts\/4011","targetHints":{"allow":["GET"]}}],"collection":[{"href":"https:\/\/www.radiomais.ao\/index.php\/wp-json\/wp\/v2\/posts"}],"about":[{"href":"https:\/\/www.radiomais.ao\/index.php\/wp-json\/wp\/v2\/types\/post"}],"author":[{"embeddable":true,"href":"https:\/\/www.radiomais.ao\/index.php\/wp-json\/wp\/v2\/users\/3"}],"replies":[{"embeddable":true,"href":"https:\/\/www.radiomais.ao\/index.php\/wp-json\/wp\/v2\/comments?post=4011"}],"version-history":[{"count":1,"href":"https:\/\/www.radiomais.ao\/index.php\/wp-json\/wp\/v2\/posts\/4011\/revisions"}],"predecessor-version":[{"id":4013,"href":"https:\/\/www.radiomais.ao\/index.php\/wp-json\/wp\/v2\/posts\/4011\/revisions\/4013"}],"wp:featuredmedia":[{"embeddable":true,"href":"https:\/\/www.radiomais.ao\/index.php\/wp-json\/wp\/v2\/media\/4012"}],"wp:attachment":[{"href":"https:\/\/www.radiomais.ao\/index.php\/wp-json\/wp\/v2\/media?parent=4011"}],"wp:term":[{"taxonomy":"category","embeddable":true,"href":"https:\/\/www.radiomais.ao\/index.php\/wp-json\/wp\/v2\/categories?post=4011"},{"taxonomy":"post_tag","embeddable":true,"href":"https:\/\/www.radiomais.ao\/index.php\/wp-json\/wp\/v2\/tags?post=4011"}],"curies":[{"name":"wp","href":"https:\/\/api.w.org\/{rel}","templated":true}]}}