{"id":4014,"date":"2026-01-14T08:14:42","date_gmt":"2026-01-14T07:14:42","guid":{"rendered":"https:\/\/www.radiomais.ao\/?p=4014"},"modified":"2026-01-14T08:14:42","modified_gmt":"2026-01-14T07:14:42","slug":"menor-de-13-anos-morre-apos-ser-abusada-sexualmente","status":"publish","type":"post","link":"https:\/\/www.radiomais.ao\/index.php\/2026\/01\/14\/menor-de-13-anos-morre-apos-ser-abusada-sexualmente\/","title":{"rendered":"Menor de 13 anos morre ap\u00f3s ser abusada sexualmente."},"content":{"rendered":"\n<p><strong>O facto ocorreu na prov\u00edncia de Cabinda, sendo que, mesmo depois de ser socorrida e levada ao hospital provincial, onde ficou internada, a v\u00edtima de apenas 13 anos de idade n\u00e3o resistiu \u00e0s les\u00f5es e veio a sucumbir dias depois<\/strong>.<\/p>\n\n\n\n<p>Conforme o Instituto Nacional da Crian\u00e7a (INAC), no seu relat\u00f3rio referente ao per\u00edodo de 4 a 10 de Janeiro, o acto foi consumado por um vizinho de 40 anos de idade, que se aproveitou da vulnerabilidade da v\u00edtima, que se encontrava a dormir no interior da resid\u00eancia onde viveu at\u00e9 a sua morte. Sem a falecida perceber, o agressor entrou pela janela, ou seja, invadiu a privacidade alheia e deu in\u00edcio ao acto sexual abusivo que veio a culminar, nos dias subsequentes, com o falecimento da menor no Hospital Provincial de Cabinda.<\/p>\n\n\n\n<p>Em actualiza\u00e7\u00e3o, a porta-voz do INAC, Rosalina Domingos, informou que o presum\u00edvel autor deste acto j\u00e1 est\u00e1 detido e o caso continua a ser acompanhado pelas institui\u00e7\u00f5es competentes. Al\u00e9m deste caso, Rosalina Domingos fez saber que, no per\u00edodo supracitado, atrav\u00e9s da linha de den\u00fancias SOS Crian\u00e7a, de Cabinda, sa\u00edram mais 18 den\u00fancias de crimes contra a crian\u00e7a. Ler Mais em <strong><em><a href=\"https:\/\/www.opais.ao\/sociedade\/menor-de-13-anos-morre-apos-ser-abusada-sexualmente\/\">Opa\u00eds<\/a><\/em><\/strong><\/p>\n","protected":false},"excerpt":{"rendered":"<p>O facto ocorreu na prov\u00edncia de Cabinda, sendo que, mesmo depois de ser socorrida e levada ao hospital provincial, onde ficou internada, a v\u00edtima de apenas 13 anos de idade n\u00e3o resistiu \u00e0s les\u00f5es e veio a sucumbir dias depois. Conforme o Instituto Nacional da Crian\u00e7a (INAC), no seu relat\u00f3rio referente ao per\u00edodo de 4 [&hellip;]<\/p>\n","protected":false},"author":3,"featured_media":4015,"comment_status":"open","ping_status":"open","sticky":false,"template":"","format":"standard","meta":{"footnotes":""},"categories":[16],"tags":[1638],"class_list":["post-4014","post","type-post","status-publish","format-standard","has-post-thumbnail","hentry","category-actualidade","tag-morre-menor-abusada"],"blocksy_meta":[],"_links":{"self":[{"href":"https:\/\/www.radiomais.ao\/index.php\/wp-json\/wp\/v2\/posts\/4014","targetHints":{"allow":["GET"]}}],"collection":[{"href":"https:\/\/www.radiomais.ao\/index.php\/wp-json\/wp\/v2\/posts"}],"about":[{"href":"https:\/\/www.radiomais.ao\/index.php\/wp-json\/wp\/v2\/types\/post"}],"author":[{"embeddable":true,"href":"https:\/\/www.radiomais.ao\/index.php\/wp-json\/wp\/v2\/users\/3"}],"replies":[{"embeddable":true,"href":"https:\/\/www.radiomais.ao\/index.php\/wp-json\/wp\/v2\/comments?post=4014"}],"version-history":[{"count":1,"href":"https:\/\/www.radiomais.ao\/index.php\/wp-json\/wp\/v2\/posts\/4014\/revisions"}],"predecessor-version":[{"id":4016,"href":"https:\/\/www.radiomais.ao\/index.php\/wp-json\/wp\/v2\/posts\/4014\/revisions\/4016"}],"wp:featuredmedia":[{"embeddable":true,"href":"https:\/\/www.radiomais.ao\/index.php\/wp-json\/wp\/v2\/media\/4015"}],"wp:attachment":[{"href":"https:\/\/www.radiomais.ao\/index.php\/wp-json\/wp\/v2\/media?parent=4014"}],"wp:term":[{"taxonomy":"category","embeddable":true,"href":"https:\/\/www.radiomais.ao\/index.php\/wp-json\/wp\/v2\/categories?post=4014"},{"taxonomy":"post_tag","embeddable":true,"href":"https:\/\/www.radiomais.ao\/index.php\/wp-json\/wp\/v2\/tags?post=4014"}],"curies":[{"name":"wp","href":"https:\/\/api.w.org\/{rel}","templated":true}]}}