{"id":4017,"date":"2026-01-14T08:19:03","date_gmt":"2026-01-14T07:19:03","guid":{"rendered":"https:\/\/www.radiomais.ao\/?p=4017"},"modified":"2026-01-14T08:19:03","modified_gmt":"2026-01-14T07:19:03","slug":"general-paka-depoe-na-dniap-acusado-de-injuria-difamacao","status":"publish","type":"post","link":"https:\/\/www.radiomais.ao\/index.php\/2026\/01\/14\/general-paka-depoe-na-dniap-acusado-de-injuria-difamacao\/","title":{"rendered":"General \u201cPaka\u201d dep\u00f5e na DNIAP acusado de inj\u00faria, difama\u00e7\u00e3o."},"content":{"rendered":"\n<p><strong>O reformado general Manuel Paulo Mendes de Carvalho, conhecido como \u201cGeneral Paka\u201d, foi ouvido nesta Ter\u00e7a-feira, 13, na Direc\u00e7\u00e3o Nacional de Investiga\u00e7\u00e3o e Ac\u00e7\u00e3o Penal (DNIAP) da Procuradoria-Geral da Rep\u00fablica (PGR), no \u00e2mbito de um processo-crime em que \u00e9 acusado de inj\u00faria, difama\u00e7\u00e3o, ultraje ao Estado e seus s\u00edmbolos, cujo essencial permanece sob segredo de justi\u00e7a<\/strong>.<\/p>\n\n\n\n<p>O general fez-se presente na DNIAP mediante notifica\u00e7\u00e3o formal, depois de semanas de forte aten\u00e7\u00e3o medi\u00e1tica e alegadas movimenta\u00e7\u00f5es discretas das for\u00e7as de defesa e segu- ran\u00e7a nas proximidades da sua resid\u00eancia oficial.<\/p>\n\n\n\n<p>No final da audi\u00e7\u00e3o, o seu advogado, S\u00e9rgio Raimundo, n\u00e3o prestou declara\u00e7\u00f5es \u00e0 imprensa, limitando-se a referir que o caso encontra-se sob segredo de justi\u00e7a, o que, por lei, impede a divulga\u00e7\u00e3o do teor da acusa\u00e7\u00e3o, dos factos investigados ou da linha de inqu\u00e9rito em curso. Ler mais em <strong><em><a href=\"https:\/\/www.opais.ao\/sociedade\/general-paka-depoe-na-dniap-acusado-de-injuria-difamacao-ultraje-ao-estado-e-seus-simbolos\/\">Opa\u00eds<\/a><\/em><\/strong><\/p>\n","protected":false},"excerpt":{"rendered":"<p>O reformado general Manuel Paulo Mendes de Carvalho, conhecido como \u201cGeneral Paka\u201d, foi ouvido nesta Ter\u00e7a-feira, 13, na Direc\u00e7\u00e3o Nacional de Investiga\u00e7\u00e3o e Ac\u00e7\u00e3o Penal (DNIAP) da Procuradoria-Geral da Rep\u00fablica (PGR), no \u00e2mbito de um processo-crime em que \u00e9 acusado de inj\u00faria, difama\u00e7\u00e3o, ultraje ao Estado e seus s\u00edmbolos, cujo essencial permanece sob segredo de [&hellip;]<\/p>\n","protected":false},"author":3,"featured_media":4018,"comment_status":"open","ping_status":"open","sticky":false,"template":"","format":"standard","meta":{"footnotes":""},"categories":[16],"tags":[1640,1639],"class_list":["post-4017","post","type-post","status-publish","format-standard","has-post-thumbnail","hentry","category-actualidade","tag-acusado-por-cunia-e-difamacao","tag-general-paka"],"blocksy_meta":[],"_links":{"self":[{"href":"https:\/\/www.radiomais.ao\/index.php\/wp-json\/wp\/v2\/posts\/4017","targetHints":{"allow":["GET"]}}],"collection":[{"href":"https:\/\/www.radiomais.ao\/index.php\/wp-json\/wp\/v2\/posts"}],"about":[{"href":"https:\/\/www.radiomais.ao\/index.php\/wp-json\/wp\/v2\/types\/post"}],"author":[{"embeddable":true,"href":"https:\/\/www.radiomais.ao\/index.php\/wp-json\/wp\/v2\/users\/3"}],"replies":[{"embeddable":true,"href":"https:\/\/www.radiomais.ao\/index.php\/wp-json\/wp\/v2\/comments?post=4017"}],"version-history":[{"count":1,"href":"https:\/\/www.radiomais.ao\/index.php\/wp-json\/wp\/v2\/posts\/4017\/revisions"}],"predecessor-version":[{"id":4019,"href":"https:\/\/www.radiomais.ao\/index.php\/wp-json\/wp\/v2\/posts\/4017\/revisions\/4019"}],"wp:featuredmedia":[{"embeddable":true,"href":"https:\/\/www.radiomais.ao\/index.php\/wp-json\/wp\/v2\/media\/4018"}],"wp:attachment":[{"href":"https:\/\/www.radiomais.ao\/index.php\/wp-json\/wp\/v2\/media?parent=4017"}],"wp:term":[{"taxonomy":"category","embeddable":true,"href":"https:\/\/www.radiomais.ao\/index.php\/wp-json\/wp\/v2\/categories?post=4017"},{"taxonomy":"post_tag","embeddable":true,"href":"https:\/\/www.radiomais.ao\/index.php\/wp-json\/wp\/v2\/tags?post=4017"}],"curies":[{"name":"wp","href":"https:\/\/api.w.org\/{rel}","templated":true}]}}