{"id":4020,"date":"2026-01-14T08:22:03","date_gmt":"2026-01-14T07:22:03","guid":{"rendered":"https:\/\/www.radiomais.ao\/?p=4020"},"modified":"2026-01-14T08:22:03","modified_gmt":"2026-01-14T07:22:03","slug":"papa-leao-xiv-visita-angola","status":"publish","type":"post","link":"https:\/\/www.radiomais.ao\/index.php\/2026\/01\/14\/papa-leao-xiv-visita-angola\/","title":{"rendered":"Papa Le\u00e3o XIV visita Angola."},"content":{"rendered":"\n<p>O Papa Le\u00e3o XIV visita Angola este ano, no \u00e2mbito de um p\u00e9riplo por alguns pa\u00edses africanos, anunciou, esta Ter\u00e7a-feira, em Luanda, a Nunciatura Apost\u00f3lica da Santa S\u00e9 no pa\u00eds.\u201cO santo padre, Papa Le\u00e3o XIV, tem a inten\u00e7\u00e3o de visitar o continente africano e no roteiro desta viagem est\u00e1 inclu\u00edda Angola\u201d, revelou o n\u00fancio apost\u00f3lico em Angola, Dom Kryspin Dubiel, sem avan\u00e7ar a data da visita.<\/p>\n\n\n\n<p>Em confer\u00eancia de imprensa, realizada na sede da Nunciatura Apost\u00f3lica em Luanda, Kryspin Dubiel disse que o Papa aceitou o convite do Episcopado angolano e do Presidente da Rep\u00fablica, Jo\u00e3o Louren\u00e7o. \u201cNeste momento, estamos na fase de prepara\u00e7\u00e3o do plano e do programa de visita do Papa \u00e0 \u00c1frica.<\/p>\n\n\n\n<p>Quero sublinhar que agora n\u00e3o temos ainda os detalhes sobre a data exacta, mas ser\u00e1 comunicada logo que esteja definida\u201d, frisou. Na ocasi\u00e3o, o presidente da Confer\u00eancia Episcopal Cat\u00f3lica em Angola e S\u00e3o Tom\u00e9 (CEAST), Dom Jos\u00e9 Manuel Imbamba, afirmou que a Igreja Cat\u00f3lica est\u00e1 dispon\u00edvel para este encontro. Ler mais em <strong><em><a href=\"https:\/\/www.opais.ao\/sociedade\/papa-leao-xiv-visita-angola\/\">Opa\u00eds<\/a><\/em><\/strong><\/p>\n","protected":false},"excerpt":{"rendered":"<p>O Papa Le\u00e3o XIV visita Angola este ano, no \u00e2mbito de um p\u00e9riplo por alguns pa\u00edses africanos, anunciou, esta Ter\u00e7a-feira, em Luanda, a Nunciatura Apost\u00f3lica da Santa S\u00e9 no pa\u00eds.\u201cO santo padre, Papa Le\u00e3o XIV, tem a inten\u00e7\u00e3o de visitar o continente africano e no roteiro desta viagem est\u00e1 inclu\u00edda Angola\u201d, revelou o n\u00fancio apost\u00f3lico [&hellip;]<\/p>\n","protected":false},"author":3,"featured_media":4021,"comment_status":"open","ping_status":"open","sticky":false,"template":"","format":"standard","meta":{"footnotes":""},"categories":[16],"tags":[1556,1641],"class_list":["post-4020","post","type-post","status-publish","format-standard","has-post-thumbnail","hentry","category-actualidade","tag-em-angola","tag-papa-leao"],"blocksy_meta":[],"_links":{"self":[{"href":"https:\/\/www.radiomais.ao\/index.php\/wp-json\/wp\/v2\/posts\/4020","targetHints":{"allow":["GET"]}}],"collection":[{"href":"https:\/\/www.radiomais.ao\/index.php\/wp-json\/wp\/v2\/posts"}],"about":[{"href":"https:\/\/www.radiomais.ao\/index.php\/wp-json\/wp\/v2\/types\/post"}],"author":[{"embeddable":true,"href":"https:\/\/www.radiomais.ao\/index.php\/wp-json\/wp\/v2\/users\/3"}],"replies":[{"embeddable":true,"href":"https:\/\/www.radiomais.ao\/index.php\/wp-json\/wp\/v2\/comments?post=4020"}],"version-history":[{"count":1,"href":"https:\/\/www.radiomais.ao\/index.php\/wp-json\/wp\/v2\/posts\/4020\/revisions"}],"predecessor-version":[{"id":4022,"href":"https:\/\/www.radiomais.ao\/index.php\/wp-json\/wp\/v2\/posts\/4020\/revisions\/4022"}],"wp:featuredmedia":[{"embeddable":true,"href":"https:\/\/www.radiomais.ao\/index.php\/wp-json\/wp\/v2\/media\/4021"}],"wp:attachment":[{"href":"https:\/\/www.radiomais.ao\/index.php\/wp-json\/wp\/v2\/media?parent=4020"}],"wp:term":[{"taxonomy":"category","embeddable":true,"href":"https:\/\/www.radiomais.ao\/index.php\/wp-json\/wp\/v2\/categories?post=4020"},{"taxonomy":"post_tag","embeddable":true,"href":"https:\/\/www.radiomais.ao\/index.php\/wp-json\/wp\/v2\/tags?post=4020"}],"curies":[{"name":"wp","href":"https:\/\/api.w.org\/{rel}","templated":true}]}}