{"id":4023,"date":"2026-01-14T08:26:16","date_gmt":"2026-01-14T07:26:16","guid":{"rendered":"https:\/\/www.radiomais.ao\/?p=4023"},"modified":"2026-01-14T08:26:16","modified_gmt":"2026-01-14T07:26:16","slug":"executivo-articula-accoes-para-uniformizar-os-salarios-da-funcao-publica-ate-final-de-2027","status":"publish","type":"post","link":"https:\/\/www.radiomais.ao\/index.php\/2026\/01\/14\/executivo-articula-accoes-para-uniformizar-os-salarios-da-funcao-publica-ate-final-de-2027\/","title":{"rendered":"Executivo articula ac\u00e7\u00f5es para uniformizar os sal\u00e1rios da fun\u00e7\u00e3o p\u00fablica at\u00e9 final de 2027."},"content":{"rendered":"\n<p>O Executivo, atrav\u00e9s do Minist\u00e9rio da Administra\u00e7\u00e3o P\u00fablica, Trabalho e Seguran\u00e7a Social (MAPTSS), estuda medidas para uniformizar os sal\u00e1rios da Fun\u00e7\u00e3o P\u00fablica com equidade, at\u00e9 o final de 2027.<\/p>\n\n\n\n<p>O an\u00fancio foi feito esta ter\u00e7a-feira, em Luanda, pela ministra da Administra\u00e7\u00e3o P\u00fablica, Trabalho e Seguran\u00e7a Social, Teresa Rodrigues Dias, durante a reuni\u00e3o como os representantes do Governo e as Centrais Sindicais, que teve como objectivo analisar o ponto de situa\u00e7\u00e3o do Roteiro para Implementa\u00e7\u00e3o da Nova Arquitectura Remunerat\u00f3ria da Administra\u00e7\u00e3o P\u00fablica (RINAR).<\/p>\n\n\n\n<p>A governante esclareceu que a implementa\u00e7\u00e3o do RINAR pode levar, ainda, algum tempo, em fun\u00e7\u00e3o do trabalho que tem de ser feito, tendo em conta o levantamento do mapeamento dos sal\u00e1rios praticados e os suplementos existentes, al\u00e9m do cat\u00e1logo de fun\u00e7\u00f5es da Fun\u00e7\u00e3o P\u00fablica, que muitas precisam entrar em vigor, depois ser autoriza\u00e7\u00e3o da Assembleia Nacional e outros procedimentos.<\/p>\n\n\n\n<p>Teresa Rodrigues Dias alertou que o processo completo carece de um procedimento mais aprofundado. \u201cEsperamos que este processo esteja conclu\u00eddo at\u00e9 este ano, mas n\u00e3o depende apenas do MAPTSS, estamos a trabalhar com todos os departamentos centrais e locais do pa\u00eds, assim como os empresariais para dar melhor solu\u00e7\u00e3o ao processo\u201d Ler mais em <strong><em><a href=\"https:\/\/www.opais.ao\/politica\/executivo-articula-accoes-para-uniformizar-os-salarios-da-funcao-publica-ate-final-de-2027\/\">Opa\u00eds<\/a><\/em><\/strong><\/p>\n","protected":false},"excerpt":{"rendered":"<p>O Executivo, atrav\u00e9s do Minist\u00e9rio da Administra\u00e7\u00e3o P\u00fablica, Trabalho e Seguran\u00e7a Social (MAPTSS), estuda medidas para uniformizar os sal\u00e1rios da Fun\u00e7\u00e3o P\u00fablica com equidade, at\u00e9 o final de 2027. O an\u00fancio foi feito esta ter\u00e7a-feira, em Luanda, pela ministra da Administra\u00e7\u00e3o P\u00fablica, Trabalho e Seguran\u00e7a Social, Teresa Rodrigues Dias, durante a reuni\u00e3o como os representantes [&hellip;]<\/p>\n","protected":false},"author":3,"featured_media":4024,"comment_status":"open","ping_status":"open","sticky":false,"template":"","format":"standard","meta":{"footnotes":""},"categories":[16],"tags":[1643,1642],"class_list":["post-4023","post","type-post","status-publish","format-standard","has-post-thumbnail","hentry","category-actualidade","tag-ajustado-ate-2027","tag-salario-da-funcao-publica"],"blocksy_meta":[],"_links":{"self":[{"href":"https:\/\/www.radiomais.ao\/index.php\/wp-json\/wp\/v2\/posts\/4023","targetHints":{"allow":["GET"]}}],"collection":[{"href":"https:\/\/www.radiomais.ao\/index.php\/wp-json\/wp\/v2\/posts"}],"about":[{"href":"https:\/\/www.radiomais.ao\/index.php\/wp-json\/wp\/v2\/types\/post"}],"author":[{"embeddable":true,"href":"https:\/\/www.radiomais.ao\/index.php\/wp-json\/wp\/v2\/users\/3"}],"replies":[{"embeddable":true,"href":"https:\/\/www.radiomais.ao\/index.php\/wp-json\/wp\/v2\/comments?post=4023"}],"version-history":[{"count":1,"href":"https:\/\/www.radiomais.ao\/index.php\/wp-json\/wp\/v2\/posts\/4023\/revisions"}],"predecessor-version":[{"id":4025,"href":"https:\/\/www.radiomais.ao\/index.php\/wp-json\/wp\/v2\/posts\/4023\/revisions\/4025"}],"wp:featuredmedia":[{"embeddable":true,"href":"https:\/\/www.radiomais.ao\/index.php\/wp-json\/wp\/v2\/media\/4024"}],"wp:attachment":[{"href":"https:\/\/www.radiomais.ao\/index.php\/wp-json\/wp\/v2\/media?parent=4023"}],"wp:term":[{"taxonomy":"category","embeddable":true,"href":"https:\/\/www.radiomais.ao\/index.php\/wp-json\/wp\/v2\/categories?post=4023"},{"taxonomy":"post_tag","embeddable":true,"href":"https:\/\/www.radiomais.ao\/index.php\/wp-json\/wp\/v2\/tags?post=4023"}],"curies":[{"name":"wp","href":"https:\/\/api.w.org\/{rel}","templated":true}]}}