{"id":4026,"date":"2026-01-14T08:30:21","date_gmt":"2026-01-14T07:30:21","guid":{"rendered":"https:\/\/www.radiomais.ao\/?p=4026"},"modified":"2026-01-14T08:30:21","modified_gmt":"2026-01-14T07:30:21","slug":"executivo-autoriza-despesa-de-183-mil-milhoes-de-kwanzas-para-combate-a-tuberculose","status":"publish","type":"post","link":"https:\/\/www.radiomais.ao\/index.php\/2026\/01\/14\/executivo-autoriza-despesa-de-183-mil-milhoes-de-kwanzas-para-combate-a-tuberculose\/","title":{"rendered":"Executivo autoriza despesa de 18,3 mil milh\u00f5es de kwanzas para combate \u00e0 tuberculose."},"content":{"rendered":"\n<p>O Executivo autorizou a despesa no valor global de 18,34 mil milh\u00f5es de kwanzas para a aquisi\u00e7\u00e3o de medicamentos e meios m\u00e9dicos destinados ao combate e controlo da tuberculose.<\/p>\n\n\n\n<p>A decis\u00e3o consta do Despacho Presidencial n.\u00ba 5\/26, de 9 de Janeiro publicado hoje nas plataformas oficiais do Governo de Angola.<\/p>\n\n\n\n<p>O documento formaliza a abertura do Procedimento Din\u00e2mico Electr\u00f3nico para responder a necessidade urgente de se proceder \u00e0 aquisi\u00e7\u00e3o de medicamentos e meios m\u00e9dicos destinados ao Programa de Combate e Controlo da Tuberculose.<\/p>\n\n\n\n<p>O Despacho delega \u00e0 ministra da Sa\u00fade compet\u00eancia, com faculdade de subdelega\u00e7\u00e3o, para a aprova\u00e7\u00e3o das pe\u00e7as do procedimento, bem como para a verifica\u00e7\u00e3o da validade e legalidade de todos os actos praticados, incluindo a celebra\u00e7\u00e3o e assinatura do contrato. Ler mais em<strong><em><a href=\"https:\/\/www.opais.ao\/politica\/executivo-autoriza-despesa-de-183-mil-milhoes-de-kwanzas-para-combate-a-tuberculose\/\"> Opa\u00eds<\/a><\/em><\/strong><\/p>\n","protected":false},"excerpt":{"rendered":"<p>O Executivo autorizou a despesa no valor global de 18,34 mil milh\u00f5es de kwanzas para a aquisi\u00e7\u00e3o de medicamentos e meios m\u00e9dicos destinados ao combate e controlo da tuberculose. A decis\u00e3o consta do Despacho Presidencial n.\u00ba 5\/26, de 9 de Janeiro publicado hoje nas plataformas oficiais do Governo de Angola. O documento formaliza a abertura [&hellip;]<\/p>\n","protected":false},"author":3,"featured_media":4027,"comment_status":"open","ping_status":"open","sticky":false,"template":"","format":"standard","meta":{"footnotes":""},"categories":[16],"tags":[199,1644],"class_list":["post-4026","post","type-post","status-publish","format-standard","has-post-thumbnail","hentry","category-actualidade","tag-executivo","tag-tuberculose"],"blocksy_meta":[],"_links":{"self":[{"href":"https:\/\/www.radiomais.ao\/index.php\/wp-json\/wp\/v2\/posts\/4026","targetHints":{"allow":["GET"]}}],"collection":[{"href":"https:\/\/www.radiomais.ao\/index.php\/wp-json\/wp\/v2\/posts"}],"about":[{"href":"https:\/\/www.radiomais.ao\/index.php\/wp-json\/wp\/v2\/types\/post"}],"author":[{"embeddable":true,"href":"https:\/\/www.radiomais.ao\/index.php\/wp-json\/wp\/v2\/users\/3"}],"replies":[{"embeddable":true,"href":"https:\/\/www.radiomais.ao\/index.php\/wp-json\/wp\/v2\/comments?post=4026"}],"version-history":[{"count":1,"href":"https:\/\/www.radiomais.ao\/index.php\/wp-json\/wp\/v2\/posts\/4026\/revisions"}],"predecessor-version":[{"id":4028,"href":"https:\/\/www.radiomais.ao\/index.php\/wp-json\/wp\/v2\/posts\/4026\/revisions\/4028"}],"wp:featuredmedia":[{"embeddable":true,"href":"https:\/\/www.radiomais.ao\/index.php\/wp-json\/wp\/v2\/media\/4027"}],"wp:attachment":[{"href":"https:\/\/www.radiomais.ao\/index.php\/wp-json\/wp\/v2\/media?parent=4026"}],"wp:term":[{"taxonomy":"category","embeddable":true,"href":"https:\/\/www.radiomais.ao\/index.php\/wp-json\/wp\/v2\/categories?post=4026"},{"taxonomy":"post_tag","embeddable":true,"href":"https:\/\/www.radiomais.ao\/index.php\/wp-json\/wp\/v2\/tags?post=4026"}],"curies":[{"name":"wp","href":"https:\/\/api.w.org\/{rel}","templated":true}]}}