{"id":4032,"date":"2026-01-14T10:12:42","date_gmt":"2026-01-14T09:12:42","guid":{"rendered":"https:\/\/www.radiomais.ao\/?p=4032"},"modified":"2026-01-14T10:12:42","modified_gmt":"2026-01-14T09:12:42","slug":"congressistas-dos-eua-vao-a-dinamarca-enquanto-trump-ameaca-anexar-gronelandia","status":"publish","type":"post","link":"https:\/\/www.radiomais.ao\/index.php\/2026\/01\/14\/congressistas-dos-eua-vao-a-dinamarca-enquanto-trump-ameaca-anexar-gronelandia\/","title":{"rendered":"Congressistas dos EUA v\u00e3o \u00e0 Dinamarca enquanto Trump amea\u00e7a anexar Gronel\u00e2ndia."},"content":{"rendered":"\n<p><strong>Os legisladores ir\u00e3o reunir-se com altos respons\u00e1veis dos governos dinamarqu\u00eas e da Gronel\u00e2ndia, bem como com l\u00edderes empresariais. A viagem ocorre depois de a China ter declarado que os Estados Uni dos n\u00e3o deveriam usar outros pa\u00edses como \u201cpretexto\u201d para perseguir os seus interesses na Gronel\u00e2ndia<\/strong>.<\/p>\n\n\n\n<p>Uma delega\u00e7\u00e3o bi-partid\u00e1ria do Congresso dos EUA visita Copenhaga, ainda esta semana, nu ma tentativa de mostrar unidade entre os Estados Unidos e a Dina marca, enquanto Donald Trump amea\u00e7a apropriar-se da Gronel\u00e2ndia, territ\u00f3rio semi-aut\u00f3nomo do quele pa\u00eds aliado da NATO.<\/p>\n\n\n\n<p>O senador Chris Coons, democrata de Delaware, lidera o grupo de pelo menos nove membros do Congresso, incluindo o senador repu blicano Thom Tilis, da Carolina do Norte.<\/p>\n\n\n\n<p>O coment\u00e1rio de um porta-voz do Minist\u00e9rio dos Neg\u00f3cios Estrangeiros da China surgiu como resposta a uma pergunta numa confer\u00eancia de imprensa di\u00e1ria regular.<\/p>\n\n\n\n<p>O presidente dos Estados Unidos da Am\u00e9rica, Donald Trump, disse que gostaria de fazer um acordo para adquirir a Gronel\u00e2ndia, uma regi\u00e3o semi aut\u00f3noma da Dinamarca, aliada da NATO, para evitar que a R\u00fassia ou a China a tomem. Ler mais em <strong><em><a href=\"https:\/\/www.opais.ao\/mundo\/congressistas-dos-eua-vao-a-dinamarca-enquanto-trump-ameaca-anexar-gronelandia\/\">Opa\u00eds<\/a><\/em><\/strong><\/p>\n","protected":false},"excerpt":{"rendered":"<p>Os legisladores ir\u00e3o reunir-se com altos respons\u00e1veis dos governos dinamarqu\u00eas e da Gronel\u00e2ndia, bem como com l\u00edderes empresariais. A viagem ocorre depois de a China ter declarado que os Estados Uni dos n\u00e3o deveriam usar outros pa\u00edses como \u201cpretexto\u201d para perseguir os seus interesses na Gronel\u00e2ndia. Uma delega\u00e7\u00e3o bi-partid\u00e1ria do Congresso dos EUA visita Copenhaga, [&hellip;]<\/p>\n","protected":false},"author":3,"featured_media":4033,"comment_status":"open","ping_status":"open","sticky":false,"template":"","format":"standard","meta":{"footnotes":""},"categories":[16],"tags":[279,859],"class_list":["post-4032","post","type-post","status-publish","format-standard","has-post-thumbnail","hentry","category-actualidade","tag-internacional","tag-trump"],"blocksy_meta":[],"_links":{"self":[{"href":"https:\/\/www.radiomais.ao\/index.php\/wp-json\/wp\/v2\/posts\/4032","targetHints":{"allow":["GET"]}}],"collection":[{"href":"https:\/\/www.radiomais.ao\/index.php\/wp-json\/wp\/v2\/posts"}],"about":[{"href":"https:\/\/www.radiomais.ao\/index.php\/wp-json\/wp\/v2\/types\/post"}],"author":[{"embeddable":true,"href":"https:\/\/www.radiomais.ao\/index.php\/wp-json\/wp\/v2\/users\/3"}],"replies":[{"embeddable":true,"href":"https:\/\/www.radiomais.ao\/index.php\/wp-json\/wp\/v2\/comments?post=4032"}],"version-history":[{"count":1,"href":"https:\/\/www.radiomais.ao\/index.php\/wp-json\/wp\/v2\/posts\/4032\/revisions"}],"predecessor-version":[{"id":4034,"href":"https:\/\/www.radiomais.ao\/index.php\/wp-json\/wp\/v2\/posts\/4032\/revisions\/4034"}],"wp:featuredmedia":[{"embeddable":true,"href":"https:\/\/www.radiomais.ao\/index.php\/wp-json\/wp\/v2\/media\/4033"}],"wp:attachment":[{"href":"https:\/\/www.radiomais.ao\/index.php\/wp-json\/wp\/v2\/media?parent=4032"}],"wp:term":[{"taxonomy":"category","embeddable":true,"href":"https:\/\/www.radiomais.ao\/index.php\/wp-json\/wp\/v2\/categories?post=4032"},{"taxonomy":"post_tag","embeddable":true,"href":"https:\/\/www.radiomais.ao\/index.php\/wp-json\/wp\/v2\/tags?post=4032"}],"curies":[{"name":"wp","href":"https:\/\/api.w.org\/{rel}","templated":true}]}}