{"id":4035,"date":"2026-01-14T10:25:09","date_gmt":"2026-01-14T09:25:09","guid":{"rendered":"https:\/\/www.radiomais.ao\/?p=4035"},"modified":"2026-01-14T10:29:23","modified_gmt":"2026-01-14T09:29:23","slug":"luandenses-agastados-com-o-atraso-na-emissao-da-carta-de-conducao","status":"publish","type":"post","link":"https:\/\/www.radiomais.ao\/index.php\/2026\/01\/14\/luandenses-agastados-com-o-atraso-na-emissao-da-carta-de-conducao\/","title":{"rendered":"Luandenses agastados com o atraso na emiss\u00e3o da Carta de condu\u00e7\u00e3o."},"content":{"rendered":"\n<p>Crescem as reclama\u00e7\u00f5es de cidad\u00e3os em Luanda, sobretudo no munic\u00edpio de Talatona, devido aos atrasos na emiss\u00e3o da carta de condu\u00e7\u00e3o. Muitos utentes dizem estar \u00e0 espera h\u00e1 meses, situa\u00e7\u00e3o que afeta o acesso ao trabalho e a mobilidade di\u00e1ria.<\/p>\n\n\n\n<p>Entre as queixas, est\u00e3o a complexidade do processo, a exig\u00eancia de v\u00e1rios documentos, dificuldades no acesso ao portal da Pol\u00edcia Nacional e a demora na resposta ap\u00f3s o cadastramento online.<\/p>\n\n\n<div \n    class=\"align wp-block-scb-sound-cloud\"    id=\"scbSoundCloud-1\"\n    data-attributes='{&quot;cId&quot;:&quot;54622132-5&quot;,&quot;tracks&quot;:[{&quot;url&quot;:&quot;https:\\\/\\\/soundcloud.com\\\/radio-mais-luanda\\\/luandenses-agastados-com-o-atraso-na-emissao-da-carta-de-conducao?si=acd908f556864aabb06332b7d4fd7c6c&amp;utm_source=clipboard&amp;utm_medium=text&amp;utm_campaign=social_sharing&quot;,&quot;startTrack&quot;:0}],&quot;alignment&quot;:&quot;center&quot;,&quot;align&quot;:&quot;&quot;,&quot;options&quot;:{&quot;isAutoPlay&quot;:true,&quot;color&quot;:&quot;#f50&quot;,&quot;isBuying&quot;:true,&quot;isSharing&quot;:true,&quot;isDownload&quot;:true,&quot;isArtWork&quot;:true,&quot;isPlayCount&quot;:true,&quot;isUser&quot;:true,&quot;isSingleActive&quot;:true,&quot;isComments&quot;:true,&quot;isVisual&quot;:false,&quot;isTeaser&quot;:false,&quot;isHideRelated&quot;:false},&quot;iframeStyle&quot;:{&quot;width&quot;:&quot;100%&quot;,&quot;height&quot;:&quot;170px&quot;},&quot;frameBorder&quot;:{&quot;color&quot;:&quot;#000&quot;,&quot;style&quot;:&quot;solid&quot;,&quot;width&quot;:&quot;1px&quot;},&quot;frameBRadius&quot;:{&quot;top&quot;:&quot;3px&quot;,&quot;bottom&quot;:&quot;3px&quot;,&quot;left&quot;:&quot;3px&quot;,&quot;right&quot;:&quot;3px&quot;},&quot;frameBoxShadow&quot;:[]}'>\n<\/div>\n\n \n      ","protected":false},"excerpt":{"rendered":"<p>Crescem as reclama\u00e7\u00f5es de cidad\u00e3os em Luanda, sobretudo no munic\u00edpio de Talatona, devido aos atrasos na emiss\u00e3o da carta de condu\u00e7\u00e3o. Muitos utentes dizem estar \u00e0 espera h\u00e1 meses, situa\u00e7\u00e3o que afeta o acesso ao trabalho e a mobilidade di\u00e1ria. Entre as queixas, est\u00e3o a complexidade do processo, a exig\u00eancia de v\u00e1rios documentos, dificuldades no [&hellip;]<\/p>\n","protected":false},"author":3,"featured_media":4036,"comment_status":"open","ping_status":"open","sticky":false,"template":"","format":"standard","meta":{"footnotes":""},"categories":[16],"tags":[1647,1646],"class_list":["post-4035","post","type-post","status-publish","format-standard","has-post-thumbnail","hentry","category-actualidade","tag-atrasos-na-emissao","tag-carta-de-conducao"],"blocksy_meta":[],"_links":{"self":[{"href":"https:\/\/www.radiomais.ao\/index.php\/wp-json\/wp\/v2\/posts\/4035","targetHints":{"allow":["GET"]}}],"collection":[{"href":"https:\/\/www.radiomais.ao\/index.php\/wp-json\/wp\/v2\/posts"}],"about":[{"href":"https:\/\/www.radiomais.ao\/index.php\/wp-json\/wp\/v2\/types\/post"}],"author":[{"embeddable":true,"href":"https:\/\/www.radiomais.ao\/index.php\/wp-json\/wp\/v2\/users\/3"}],"replies":[{"embeddable":true,"href":"https:\/\/www.radiomais.ao\/index.php\/wp-json\/wp\/v2\/comments?post=4035"}],"version-history":[{"count":3,"href":"https:\/\/www.radiomais.ao\/index.php\/wp-json\/wp\/v2\/posts\/4035\/revisions"}],"predecessor-version":[{"id":4039,"href":"https:\/\/www.radiomais.ao\/index.php\/wp-json\/wp\/v2\/posts\/4035\/revisions\/4039"}],"wp:featuredmedia":[{"embeddable":true,"href":"https:\/\/www.radiomais.ao\/index.php\/wp-json\/wp\/v2\/media\/4036"}],"wp:attachment":[{"href":"https:\/\/www.radiomais.ao\/index.php\/wp-json\/wp\/v2\/media?parent=4035"}],"wp:term":[{"taxonomy":"category","embeddable":true,"href":"https:\/\/www.radiomais.ao\/index.php\/wp-json\/wp\/v2\/categories?post=4035"},{"taxonomy":"post_tag","embeddable":true,"href":"https:\/\/www.radiomais.ao\/index.php\/wp-json\/wp\/v2\/tags?post=4035"}],"curies":[{"name":"wp","href":"https:\/\/api.w.org\/{rel}","templated":true}]}}