{"id":4040,"date":"2026-01-14T10:45:53","date_gmt":"2026-01-14T09:45:53","guid":{"rendered":"https:\/\/www.radiomais.ao\/?p=4040"},"modified":"2026-01-14T10:45:53","modified_gmt":"2026-01-14T09:45:53","slug":"peste-suina-autoridades-veterinarias-na-huila-declaram-que-nao-ha-risco-de-contaminacao","status":"publish","type":"post","link":"https:\/\/www.radiomais.ao\/index.php\/2026\/01\/14\/peste-suina-autoridades-veterinarias-na-huila-declaram-que-nao-ha-risco-de-contaminacao\/","title":{"rendered":"Peste Su\u00edna: Autoridades Veterin\u00e1rias na Hu\u00edla declaram que n\u00e3o h\u00e1 risco de contamina\u00e7\u00e3o."},"content":{"rendered":"\n<p>As autoridades veterin\u00e1rias da prov\u00edncia da Hu\u00edla, garantem que n\u00e3o h\u00e1 risco de contamina\u00e7\u00e3o do gado su\u00edno local, apesar da confirma\u00e7\u00e3o de casos de peste su\u00edna, no Huambo.<\/p>\n\n\n\n<p>Segundo o chefe do Departamento Provincial de Veterin\u00e1ria, Jos\u00e9 Balundo Tchicano, o controlo sanit\u00e1rio mant\u00e9m-se normal e n\u00e3o existe circula\u00e7\u00e3o significativa de animais do norte e do centro do pa\u00eds para o sul.<\/p>\n\n\n<div \n    class=\"align wp-block-scb-sound-cloud\"    id=\"scbSoundCloud-1\"\n    data-attributes='{&quot;cId&quot;:&quot;733f5871-b&quot;,&quot;tracks&quot;:[{&quot;url&quot;:&quot;https:\\\/\\\/soundcloud.com\\\/radio-mais-luanda\\\/peste-suina-autoridades-veterinarias-na-huila-garantem-nao-haver-risco-de-contaminacao?si=0f806b17227e40698e60e7685bd766ff&amp;utm_source=clipboard&amp;utm_medium=text&amp;utm_campaign=social_sharing&quot;,&quot;startTrack&quot;:0}],&quot;alignment&quot;:&quot;center&quot;,&quot;align&quot;:&quot;&quot;,&quot;options&quot;:{&quot;isAutoPlay&quot;:true,&quot;color&quot;:&quot;#f50&quot;,&quot;isBuying&quot;:true,&quot;isSharing&quot;:true,&quot;isDownload&quot;:true,&quot;isArtWork&quot;:true,&quot;isPlayCount&quot;:true,&quot;isUser&quot;:true,&quot;isSingleActive&quot;:true,&quot;isComments&quot;:true,&quot;isVisual&quot;:false,&quot;isTeaser&quot;:false,&quot;isHideRelated&quot;:false},&quot;iframeStyle&quot;:{&quot;width&quot;:&quot;100%&quot;,&quot;height&quot;:&quot;170px&quot;},&quot;frameBorder&quot;:{&quot;color&quot;:&quot;#000&quot;,&quot;style&quot;:&quot;solid&quot;,&quot;width&quot;:&quot;1px&quot;},&quot;frameBRadius&quot;:{&quot;top&quot;:&quot;3px&quot;,&quot;bottom&quot;:&quot;3px&quot;,&quot;left&quot;:&quot;3px&quot;,&quot;right&quot;:&quot;3px&quot;},&quot;frameBoxShadow&quot;:[]}'>\n<\/div>\n\n \n      ","protected":false},"excerpt":{"rendered":"<p>As autoridades veterin\u00e1rias da prov\u00edncia da Hu\u00edla, garantem que n\u00e3o h\u00e1 risco de contamina\u00e7\u00e3o do gado su\u00edno local, apesar da confirma\u00e7\u00e3o de casos de peste su\u00edna, no Huambo. Segundo o chefe do Departamento Provincial de Veterin\u00e1ria, Jos\u00e9 Balundo Tchicano, o controlo sanit\u00e1rio mant\u00e9m-se normal e n\u00e3o existe circula\u00e7\u00e3o significativa de animais do norte e do [&hellip;]<\/p>\n","protected":false},"author":3,"featured_media":4041,"comment_status":"open","ping_status":"open","sticky":false,"template":"","format":"standard","meta":{"footnotes":""},"categories":[16],"tags":[1025,1648],"class_list":["post-4040","post","type-post","status-publish","format-standard","has-post-thumbnail","hentry","category-actualidade","tag-na-huila","tag-peste-suina"],"blocksy_meta":[],"_links":{"self":[{"href":"https:\/\/www.radiomais.ao\/index.php\/wp-json\/wp\/v2\/posts\/4040","targetHints":{"allow":["GET"]}}],"collection":[{"href":"https:\/\/www.radiomais.ao\/index.php\/wp-json\/wp\/v2\/posts"}],"about":[{"href":"https:\/\/www.radiomais.ao\/index.php\/wp-json\/wp\/v2\/types\/post"}],"author":[{"embeddable":true,"href":"https:\/\/www.radiomais.ao\/index.php\/wp-json\/wp\/v2\/users\/3"}],"replies":[{"embeddable":true,"href":"https:\/\/www.radiomais.ao\/index.php\/wp-json\/wp\/v2\/comments?post=4040"}],"version-history":[{"count":1,"href":"https:\/\/www.radiomais.ao\/index.php\/wp-json\/wp\/v2\/posts\/4040\/revisions"}],"predecessor-version":[{"id":4042,"href":"https:\/\/www.radiomais.ao\/index.php\/wp-json\/wp\/v2\/posts\/4040\/revisions\/4042"}],"wp:featuredmedia":[{"embeddable":true,"href":"https:\/\/www.radiomais.ao\/index.php\/wp-json\/wp\/v2\/media\/4041"}],"wp:attachment":[{"href":"https:\/\/www.radiomais.ao\/index.php\/wp-json\/wp\/v2\/media?parent=4040"}],"wp:term":[{"taxonomy":"category","embeddable":true,"href":"https:\/\/www.radiomais.ao\/index.php\/wp-json\/wp\/v2\/categories?post=4040"},{"taxonomy":"post_tag","embeddable":true,"href":"https:\/\/www.radiomais.ao\/index.php\/wp-json\/wp\/v2\/tags?post=4040"}],"curies":[{"name":"wp","href":"https:\/\/api.w.org\/{rel}","templated":true}]}}